{"id":26225,"date":"2025-09-26T13:16:18","date_gmt":"2025-09-26T11:16:18","guid":{"rendered":"https:\/\/memoriahistorica.dival.es\/sin-categorizar\/la-diputacion-lleva-a-ontinyent-foios-y-benetusser-el-teatro-de-la-memoria\/"},"modified":"2026-02-05T14:47:32","modified_gmt":"2026-02-05T13:47:32","slug":"la-diputacion-lleva-a-ontinyent-foios-y-benetusser-el-teatro-de-la-memoria","status":"publish","type":"post","link":"https:\/\/memoriahistorica.dival.es\/val\/sin-categorizar\/la-diputacion-lleva-a-ontinyent-foios-y-benetusser-el-teatro-de-la-memoria\/","title":{"rendered":"La Diputaci\u00f3 porta a Ontinyent, Foios i Benet\u00fasser el Teatre de la Mem\u00f2ria"},"content":{"rendered":"\n<p>La Diputaci\u00f3 de Val\u00e8ncia ha posat en marxa, a trav\u00e9s de la Delegaci\u00f3 de Mem\u00f2ria Democr\u00e0tica, que dirigix la vicepresidenta primera, Nat\u00e0lia Enguix, un nou programa, que pret\u00e9n acostar el projecte Teatre de la Mem\u00f2ria als municipis de la prov\u00edncia. La iniciativa naix de l&#8217;experi\u00e8ncia que durant els \u00faltims anys ha tingut esta delegaci\u00f3 amb la Universitat de Val\u00e8ncia i el Teatre Escalante.<\/p>\n\n\n\n<p>De moment, s&#8217;han programat dos representacions. D&#8217;una banda, l&#8217;obra \u2018Fr\u00e8res\u2019 (\u2018Germans\u2019) de la Companyia francesa Els Maladroits, que podr\u00e0 veure&#8217;s en sala Matilde Salvador de la Universitat de Val\u00e8ncia els dies 12 i 13 de novembre. L&#8217;obra ens parla de dos germans que relaten el viatge que van fer el seu iaio i els seus germans per l&#8217;Espanya en guerra, des del colp d&#8217;estat de Franco fins a l&#8217;exili a Fran\u00e7a.<\/p>\n\n\n\n<p>D&#8217;altra banda, \u201cBoges, cau la nit\u201d, de la companyia valenciana Bramant Teatre, \u00e9s un muntatge de la qual narra les hist\u00f2ries de dones an\u00f2nimes que van ser estigmatitzades com a malaltes mentals, quan en realitat eren dones a les quals es volia mantindre sotmeses, tan sols pel fet de transgredir els rols que la societat els reservava dins de l&#8217;estructura patriarcal. La representaci\u00f3, d&#8217;entrada gratu\u00efta, ser\u00e0 en el Teatre Gomis<br>d\u2019Ontinyent (17 d&#8217;octubre), a la Casa dels Artillers de Foios (1 de novembre) i a Benet\u00fasser, espai per confirmar (7 de novembre).<\/p>\n\n\n\n<p>Per a Enguix, \u201cel teatre no \u00e9s nom\u00e9s un b\u00e9 cultural, \u00e9s tamb\u00e9 un b\u00e9 social i conseg\u00fcentment ha d&#8217;estar a l&#8217;abast de tots\u201d. A m\u00e9s, argumenta la vicepresidenta, \u201csuposa una experi\u00e8ncia l\u00fadica i una ferramenta d&#8217;aprenentatge per a no tornar a caure en els errors i els horrors del passat, sobretot per als m\u00e9s j\u00f3vens\u201d. \u201cEs tracta de transmetre a les noves generacions el que va oc\u00f3rrer perqu\u00e8 no es torne a repetir, este \u00e9s un dels objectius principals de la mem\u00f2ria democr\u00e0tica i en els quals estem treballant des de la Diputaci\u00f3\u201d, def\u00e9n.<\/p>\n\n\n\n<p>En este sentit, explica, \u201cla nostra proposta ha arrancat de manera modesta, per\u00f2 vista el bon acolliment sens dubte es veur\u00e0 incrementada la pr\u00f2xima temporada. La dotaci\u00f3 econ\u00f2mica amb la qual s&#8217;ha iniciat este programa arriba a m\u00e9s de 30.000 euros, que esperem doblar en el pr\u00f2xim exercici\u201d.<\/p>\n","protected":false},"excerpt":{"rendered":"<p>La Diputaci\u00f3 de Val\u00e8ncia ha posat en marxa, a trav\u00e9s de la Delegaci\u00f3 de Mem\u00f2ria Democr\u00e0tica, que dirigix la vicepresidenta &#8230;<\/p>\n","protected":false},"author":9,"featured_media":26195,"comment_status":"closed","ping_status":"open","sticky":false,"template":"","format":"standard","meta":{"_acf_changed":false,"footnotes":""},"categories":[1],"tags":[],"class_list":["post-26225","post","type-post","status-publish","format-standard","has-post-thumbnail","hentry","category-sin-categorizar"],"acf":[],"_links":{"self":[{"href":"https:\/\/memoriahistorica.dival.es\/val\/wp-json\/wp\/v2\/posts\/26225","targetHints":{"allow":["GET"]}}],"collection":[{"href":"https:\/\/memoriahistorica.dival.es\/val\/wp-json\/wp\/v2\/posts"}],"about":[{"href":"https:\/\/memoriahistorica.dival.es\/val\/wp-json\/wp\/v2\/types\/post"}],"author":[{"embeddable":true,"href":"https:\/\/memoriahistorica.dival.es\/val\/wp-json\/wp\/v2\/users\/9"}],"replies":[{"embeddable":true,"href":"https:\/\/memoriahistorica.dival.es\/val\/wp-json\/wp\/v2\/comments?post=26225"}],"version-history":[{"count":2,"href":"https:\/\/memoriahistorica.dival.es\/val\/wp-json\/wp\/v2\/posts\/26225\/revisions"}],"predecessor-version":[{"id":26500,"href":"https:\/\/memoriahistorica.dival.es\/val\/wp-json\/wp\/v2\/posts\/26225\/revisions\/26500"}],"wp:featuredmedia":[{"embeddable":true,"href":"https:\/\/memoriahistorica.dival.es\/val\/wp-json\/wp\/v2\/media\/26195"}],"wp:attachment":[{"href":"https:\/\/memoriahistorica.dival.es\/val\/wp-json\/wp\/v2\/media?parent=26225"}],"wp:term":[{"taxonomy":"category","embeddable":true,"href":"https:\/\/memoriahistorica.dival.es\/val\/wp-json\/wp\/v2\/categories?post=26225"},{"taxonomy":"post_tag","embeddable":true,"href":"https:\/\/memoriahistorica.dival.es\/val\/wp-json\/wp\/v2\/tags?post=26225"}],"curies":[{"name":"wp","href":"https:\/\/api.w.org\/{rel}","templated":true}]}}