{"id":26226,"date":"2025-09-18T13:08:00","date_gmt":"2025-09-18T11:08:00","guid":{"rendered":"https:\/\/memoriahistorica.dival.es\/sin-categorizar\/la-diputacion-entrega-a-josep-franco-el-premio-maria-la-jabalina-para-reivindicar-la-memoria-como-pilar-de-la-democracia\/"},"modified":"2025-12-09T13:52:14","modified_gmt":"2025-12-09T12:52:14","slug":"la-diputacion-entrega-a-josep-franco-el-premio-maria-la-jabalina-para-reivindicar-la-memoria-como-pilar-de-la-democracia","status":"publish","type":"post","link":"https:\/\/memoriahistorica.dival.es\/val\/sin-categorizar\/la-diputacion-entrega-a-josep-franco-el-premio-maria-la-jabalina-para-reivindicar-la-memoria-como-pilar-de-la-democracia\/","title":{"rendered":"La Diputaci\u00f3 entrega a Josep Franco el premi Mar\u00eda la Jabalina per reivindicar la mem\u00f2ria com pilar de la democr\u00e0cia"},"content":{"rendered":"\n<p>La guerra i l&#8217;exili de milers d&#8217;espanyoles i espanyols ha deixat m\u00faltiples hist\u00f2ries: algunes comptades, altres desconegudes i moltes silenciades. L&#8217;escriptor valenci\u00e0 Josep Franco rescata de l&#8217;oblit una d&#8217;eixes hist\u00f2ries, la de l&#8217;escultor Enric Moret, conegut com el \u2018fill del trinqueter\u2019, un ve\u00ed de Sueca que es va veure obligat a l&#8217;exili per<br>les seues idees revolucion\u00e0ries. \u2018Enric Moret, la mem\u00f2ria del marbre\u2019 \u00e9s l&#8217;obra guanyadora del primer premi Mar\u00eda la Jabalina, \u201cliteratura de quirats que fa just\u00edcia a trav\u00e9s de la veritat\u201d, afirma la vicepresidenta primera i responsable de Mem\u00f2ria en la Diputaci\u00f3, Nat\u00e0lia Enguix.<\/p>\n\n\n\n<p>El premi Mar\u00eda la Jabalina \u201cse suma a les m\u00faltiples accions que organitza la Diputaci\u00f3, que \u00e9s l&#8217;\u00fanica instituci\u00f3 que mant\u00e9 una \u00e0rea espec\u00edfica dedicada a la Mem\u00f2ria Democr\u00e0tica i que s&#8217;ha convertit en refugi per a totes les persones, fam\u00edlies i associacions memorialistes que ens acompanyen en el cam\u00ed cap a la veritat\u201d, va explicar la vicepresidenta de la corporaci\u00f3 provincial en l&#8217;acte celebrat en la vesprada del dimecres en el Centre del Carme. Nat\u00e0lia Enguix va entregar el guard\u00f3 a Josep Franco, destacant \u201cel magn\u00edfic treball narratiu i el rigor que hi ha en la hist\u00f2ria d&#8217;Enric Moret, una hist\u00f2ria fidel a la realitat\u201d. Amb este premi busquem que la mem\u00f2ria exercisca el seu paper com a pilar de la democr\u00e0cia\u201d, va sentenciar Enguix. <\/p>\n\n\n\n<p>Josep Franco, guanyador de la primera edici\u00f3 del Mar\u00eda la Jabalina, va explicar que l&#8217;obra \u201crelata la vida llarga i fruct\u00edfera d&#8217;Enric Moret, que va comen\u00e7ar a esculpir a Sueca i va haver de continuar el seu treball a la Rep\u00fablica Dominicana i sobretot a Cuba, on va consolidar la seua traject\u00f2ria com a escultor\u201d. Franco va reivindicar \u201cla import\u00e0ncia de l&#8217;escolta, un valor que s&#8217;est\u00e0 perdent\u201d. En opini\u00f3 del novel\u00b7lista, \u201csi les persones no ens escoltem els uns als altres, perdem la curiositat i amb aix\u00f2 la possibilitat d&#8217;entendre&#8217;ns\u201d.<\/p>\n\n\n\n<p>L&#8217;escriptor de Sueca, autor de \u2018L*enviat\u2019 o \u2018Les pot\u00e8ncies de l\u2019\u00e0nima\u2019 entre moltes altres obres i adaptacions, col\u00b7labora de manera espor\u00e0dica en mitjans de comunicaci\u00f3 com \u2018El Pa\u00eds\u2019, \u2018Levante EMV\u2019 i \u2018Not\u00edcias al Dia\u2019, i al llarg de la seua dilatada traject\u00f2ria ha aconseguit reconeixements com el Premi Octubre, el Ciutat d\u2019Alzira, el Sor Isabel de Villena de l&#8217;Ajuntament de Val\u00e8ncia, el d&#8217;Escriptors Valencians, el far de Cullera i el Premi Val\u00e8ncia 2023 que entrega el Magn\u00e0nim, editorial de la Diputaci\u00f3, per la seua obra \u2018Si tenim vida i salut\u2019.<\/p>\n\n\n\n<p><\/p>\n\n\n\n<h2 class=\"wp-block-heading\">La Jabalina i el \u2018fill del trinqueter\u2019<\/h2>\n\n\n\n<p><br>Les hist\u00f2ries de Mar\u00eda la Jabalina, que dona nom al premi, i Enric Moret, que inspira al guanyador de la primera edici\u00f3, s\u00f3n dos d&#8217;eixos relats carregats de realitat. Mar\u00eda P\u00e9rez Lacruz es va traslladar en 1923 de Terol a Sagunt al costat de la seua fam\u00edlia per q\u00fcestions laborals. Amb nom\u00e9s 19 anys, es va incorporar a la Columna de Ferro en Sarri\u00f3n, on va participar com a infermera en la creaci\u00f3 d&#8217;un hospital en el front. Durant la Batalla de Terol va resultar ferida de bala en una cama, i acabada la guerra, estant embarassada, va ser detinguda per la Gu\u00e0rdia Civil. El seu fill o filla va ser entregada en adopci\u00f3, i Mar\u00eda la Jabalina va passar la resta dels seus dies en la pres\u00f3, fins que va ser condemnada a mort, sense proves, i afusellada en el conegut com a Pared\u00f3 d&#8217;Espanya del cementeri de Paterna. <\/p>\n\n\n\n<p>Enric Moret, per part seua, va n\u00e0ixer a Sueca en 1910, i mentre va viure al seu poble va ser conegut per ser el fill del \u2018trinqueter\u2019, l&#8217;home que s&#8217;encarregava del manteniment del trinquet i organitzava les partides i les apostes. Enric va abandonar el poble, sent encara molt jove, per a buscar-se la vida. Va tardar molts anys a poder tornar a causa de la guerra, i en 1942 es va instal\u00b7lar definitivament a Cuba, despr\u00e9s de veure&#8217;s obligat a l&#8217;exili per les seues idees revolucion\u00e0ries. Josep Franco es va sentir atret pel component art\u00edstic de l&#8217;exili de Moret, que es va convertir en un mestre de l&#8217;escultura contempor\u00e0nia. Les seues obres \u201cintencionalistes\u201d, com ell mateix les qualificava, van viatjar des de l&#8217;antiga Uni\u00f3 Sovi\u00e8tica fins a Vietnam, passant per Txecoslov\u00e0quia, Pol\u00f2nia i Mong\u00f2lia, i en l&#8217;actualitat encara embellixen parcs d&#8217;Europa i Am\u00e8rica.<\/p>\n\n\n\n<p>La responsable de Mem\u00f2ria Hist\u00f2rica en la Diputaci\u00f3, Nat\u00e0lia Enguix, reivindica les dos figures com a \u201creferents de la lluita per la democr\u00e0cia a Espanya, protagonistes d&#8217;un certamen que vol fer valdre la figura de Mar\u00eda la Jabalina com a font d&#8217;inspiraci\u00f3 per a eixos treballs literaris sense ficci\u00f3, narracions que es basen en fets ver\u00eddics que hem de con\u00e9ixer, perqu\u00e8 no \u00e9s possible construir una societat justa que no s&#8217;edifique sobre la<br>veritat\u201d.<\/p>\n\n\n\n<p>Enguix va recordar que el premi Mar\u00eda la Jabalina \u201c\u00e9s una m\u00e9s de les m\u00faltiples accions que impulsem des de la delegaci\u00f3 de Mem\u00f2ria Democr\u00e0tica, junt amb exhumacions, identificacions, estudis cient\u00edfics, congressos de formaci\u00f3, recuperaci\u00f3 de patrimoni vinculat a la mem\u00f2ria i preservaci\u00f3 de fons documentals\u201d. Com a principal novetat en la present legislatura, la vicepresidenta va destacar el refor\u00e7 en la formaci\u00f3 dels joves, ja que, en la seua opini\u00f3, \u201cen les noves generacions est\u00e0 el futur de la mem\u00f2ria\u201d. En resposta a esta idea, la delegaci\u00f3 que dirigix Enguix ha consolidat els premis \u2018La Mem\u00f2ria a l\u2019Escola\u2019, que en l&#8217;edici\u00f3 d&#8217;enguany ha rebut 25 treballs d&#8217;alumnes de 4t de l&#8217;ESO, 1r i 2n de Batxillerat i FP B\u00e0sica sobre el tema \u2018Les dones, primeres guardianes<br>de la mem\u00f2ria democr\u00e0tica\u2019.<\/p>\n\n\n\n<h2 class=\"wp-block-heading\"><br>Acte cultural i homenatge musical<\/h2>\n\n\n\n<p><br>El lliurament del primer premi Mar\u00eda la Jabalina de la Diputaci\u00f3 es va emmarcar en un acte cultural celebrat en el Centre del Carme, amb l&#8217;acompanyament musical del Trio Sorolla i l&#8217;homenatge a quatre compositors exiliats com Robert Gerhard, Rodolfo Halffter, Rosa Garc\u00eda Ascot i Manuel de Falla. <\/p>\n\n\n\n<p>La m\u00fasica composta per Gerhard en 1951 per a la pel\u00b7l\u00edcula &#8216;Secret People\u2019 va servir d&#8217;obertura per a l&#8217;acte condu\u00eft per l&#8217;actriu valenciana Lara Salvador. Durant la gala, van sonar tamb\u00e9 \u2018\u00c8gloga per a obo\u00e9 i piano\u2019 de Rodolfo Halffter, la \u2018Xicoteta Suite\u2019 de Rosa Garc\u00eda Ascot i les \u2018Set can\u00e7ons populars espanyoles\u2019 de Manuel de Falla. El Trio Sorolla est\u00e0 compost pel professor d&#8217;Obo\u00e9 Aitor Llimer\u00e1, el professor de fagot Miguel Puchol i el professor de clarinet Pedro Vicente, amb l&#8217;acompanyament al piano del professor Carlos Apell\u00e1niz.<\/p>\n","protected":false},"excerpt":{"rendered":"<p>La guerra i l&#8217;exili de milers d&#8217;espanyoles i espanyols ha deixat m\u00faltiples hist\u00f2ries: algunes comptades, altres desconegudes i moltes silenciades. &#8230;<\/p>\n","protected":false},"author":9,"featured_media":26184,"comment_status":"closed","ping_status":"open","sticky":false,"template":"","format":"standard","meta":{"_acf_changed":false,"footnotes":""},"categories":[1],"tags":[],"class_list":["post-26226","post","type-post","status-publish","format-standard","has-post-thumbnail","hentry","category-sin-categorizar"],"acf":[],"_links":{"self":[{"href":"https:\/\/memoriahistorica.dival.es\/val\/wp-json\/wp\/v2\/posts\/26226","targetHints":{"allow":["GET"]}}],"collection":[{"href":"https:\/\/memoriahistorica.dival.es\/val\/wp-json\/wp\/v2\/posts"}],"about":[{"href":"https:\/\/memoriahistorica.dival.es\/val\/wp-json\/wp\/v2\/types\/post"}],"author":[{"embeddable":true,"href":"https:\/\/memoriahistorica.dival.es\/val\/wp-json\/wp\/v2\/users\/9"}],"replies":[{"embeddable":true,"href":"https:\/\/memoriahistorica.dival.es\/val\/wp-json\/wp\/v2\/comments?post=26226"}],"version-history":[{"count":1,"href":"https:\/\/memoriahistorica.dival.es\/val\/wp-json\/wp\/v2\/posts\/26226\/revisions"}],"predecessor-version":[{"id":26502,"href":"https:\/\/memoriahistorica.dival.es\/val\/wp-json\/wp\/v2\/posts\/26226\/revisions\/26502"}],"wp:featuredmedia":[{"embeddable":true,"href":"https:\/\/memoriahistorica.dival.es\/val\/wp-json\/wp\/v2\/media\/26184"}],"wp:attachment":[{"href":"https:\/\/memoriahistorica.dival.es\/val\/wp-json\/wp\/v2\/media?parent=26226"}],"wp:term":[{"taxonomy":"category","embeddable":true,"href":"https:\/\/memoriahistorica.dival.es\/val\/wp-json\/wp\/v2\/categories?post=26226"},{"taxonomy":"post_tag","embeddable":true,"href":"https:\/\/memoriahistorica.dival.es\/val\/wp-json\/wp\/v2\/tags?post=26226"}],"curies":[{"name":"wp","href":"https:\/\/api.w.org\/{rel}","templated":true}]}}