{"id":27743,"date":"2025-10-22T09:02:46","date_gmt":"2025-10-22T07:02:46","guid":{"rendered":"https:\/\/memoriahistorica.dival.es\/?p=27743"},"modified":"2026-01-29T15:35:07","modified_gmt":"2026-01-29T14:35:07","slug":"enguix-en-el-congres-de-memoria-els-jovens-ens-han-donat-una-llico-desperanca-per-un-futur-amb-una-societat-mes-justa-igualitaria-i-de-consens","status":"publish","type":"post","link":"https:\/\/memoriahistorica.dival.es\/val\/sin-categorizar\/enguix-en-el-congres-de-memoria-els-jovens-ens-han-donat-una-llico-desperanca-per-un-futur-amb-una-societat-mes-justa-igualitaria-i-de-consens\/","title":{"rendered":"Enguix en el congr\u00e9s de Mem\u00f2ria: &#8220;Els j\u00f3vens ens han donat una lli\u00e7\u00f3 d&#8217;esperan\u00e7a per un futur amb una societat m\u00e9s justa, igualit\u00e0ria i de consens&#8221;"},"content":{"rendered":"\n<p>La vicepresidenta primera de la Diputaci\u00f3 de Val\u00e8ncia, Nat\u00e0lia Enguix, ha clausurat el congr\u00e9s internacional \u2018Mem\u00f2ria i Democr\u00e0cia\u2019, celebrat este dimarts i dimecres en el Centre Cultural La Benefic\u00e8ncia, amb una lloan\u00e7a a la joventut: &#8220;Els j\u00f3vens ens han donat en este congr\u00e9s una lli\u00e7\u00f3 d&#8217;esperan\u00e7a per un futur amb una societat m\u00e9s justa, igualit\u00e0ria i de consens&#8221;. Aix\u00ed ha destacat la vicepresidenta la jornada d&#8217;ahir en la qual van tindre protagonisme l&#8217;expert en xarxes socials, Al\u00e1n Barroso i la Xarxa Vives d\u2019Universitats.&nbsp;<\/p>\n\n\n\n<p>De fet, per a Enguix, el major desafiament est\u00e0 en la gent jove. \u201cCal anar on estan ells, treballar amb els centres educatius perqu\u00e8 coneguen el que ha ocorregut i prenguen consci\u00e8ncia sobre aix\u00f2\u201d. Per aix\u00f2, ha subratllat iniciatives de la Diputaci\u00f3 com els premis escolars \u2018Mem\u00f2ria a l\u2019Escola\u2019 o \u2018La Mem\u00f2ria en les Biblioteques\u2019. Altres accions de promoci\u00f3 de la mem\u00f2ria democr\u00e0tica s\u00f3n el premi Mar\u00eda la Javelina de literatura de no ficci\u00f3; el programa de col\u00b7laboraci\u00f3 amb l\u2019ETNO per a la difusi\u00f3 de la col\u00b7lecci\u00f3 de vestimenta i objectes associats a les fosses; les exposicions itinerants i la gira de teatre amb Mem\u00f2ria, entre altres.<\/p>\n\n\n\n<p>D&#8217;altra banda, Enguix ha avan\u00e7at que la instituci\u00f3 provincial, a trav\u00e9s de la delegaci\u00f3 de Mem\u00f2ria Democr\u00e0tica, convertir\u00e0 en centre expositiu i documental la casa de Virtudes Cuevas, una exiliada del franquisme, que va sobreviure al camp de concentraci\u00f3 Ravensbr\u00fcck. \u201c\u00c9s l&#8217;exemple d&#8217;una dona valenta, lluitadora per la llibertat i la democr\u00e0cia, una lluita que la va portar, despr\u00e9s del seu exili a lluitar en la resist\u00e8ncia francesa i patir el seu trasllat en el camp de concentraci\u00f3\u201d, ha recalcat Enguix, qui ha explicat que \u201cser\u00e0 un espai de mem\u00f2ria i reconeixement col\u00b7lectiu, un centre d&#8217;investigaci\u00f3 i documentaci\u00f3; es tracta de posar de manifest el que ella volia quan va llegar la seua casa a l&#8217;Ajuntament de Sueca\u201d.&nbsp;<\/p>\n\n\n\n<p>Precisament, la vicepresidenta primera tamb\u00e9 ha posat el focus en els municipis per al foment de la mem\u00f2ria. Actualment, la Diputaci\u00f3 destina m\u00e9s d&#8217;un mili\u00f3 d&#8217;euros anuals a subvencions directes i de concurr\u00e8ncia competitiva per a projectes de mem\u00f2ria democr\u00e0tica als ajuntaments i les associacions. \u201cTamb\u00e9 estem treballant amb la Federaci\u00f3 Valenciana de Municipis i Prov\u00edncies, per a impulsar nous projectes memorialistes de car\u00e0cter municipal\u201d, ha concretat Enguix, qui ha assenyalat com a \u201cpas decisiu\u201d la recent licitaci\u00f3 directa d&#8217;un projecte d&#8217;exhumaci\u00f3 de les fosses comunes del cementeri municipal de Ll\u00edria, la primera vegada que la Diputaci\u00f3 de Val\u00e8ncia lidera directament un projecte d&#8217;este tipus.&nbsp;<\/p>\n\n\n\n<p>Sobre el futur, a part de l&#8217;anunci de la Casa de Virtudes Cuevas, Enguix ha explicat que la delegaci\u00f3 de Mem\u00f2ria planeja per a l&#8217;any que ve celebrar un acte d&#8217;homenatge als treballadors depurats de la Diputaci\u00f3, i a tots aquells que van perdre la vida per a defendre la democr\u00e0cia i la llibertat. Igualment, ha detallat que la nova web de Mem\u00f2ria ser\u00e0, a m\u00e9s, la seu del Centre Documental de Mem\u00f2ria Democr\u00e0tica de la Diputaci\u00f3 de Val\u00e8ncia.&nbsp;<\/p>\n\n\n\n<p>En definitiva, ha def\u00e9s Enguix, \u201cestem treballant pels drets humans, la mem\u00f2ria democr\u00e0tica ha d&#8217;estar per damunt d&#8217;ideologies, no ha de ser un exercici de confrontaci\u00f3, sin\u00f3 de conviv\u00e8ncia; ha de ser un far que ens guie per a no repetir els errors del passat\u201d. \u201cNom\u00e9s portem deu anys i per aix\u00f2 cal continuar ajudant a les fam\u00edlies de les v\u00edctimes, continuar estant al costat de la gent jove i fent costat als ajuntaments, aix\u00ed com denunciar els retrocessos que pogueren oc\u00f3rrer\u201d, ha esgrimit.<\/p>\n\n\n\n<p>Per a commemorar la d\u00e8cada de la delegaci\u00f3 de Mem\u00f2ria Democr\u00e0tica, el quintet format per tres sopranos, un pianista i violinista d&#8217;Ad libitum ha interpretat \u2018Al Alba\u2019 de Luis Eduardo Aute i el poema \u2018*Assumir\u00e0s la *veu d\u2019un *poble\u2019 de Vicent Andr\u00e9s Estell\u00e9s. A m\u00e9s, s&#8217;ha projectat un v\u00eddeo en el qual s&#8217;ha fet un rep\u00e0s del treball realitzat per la delegaci\u00f3 en estos anys.<\/p>\n\n\n\n<p><strong>Taules redones<\/strong><\/p>\n\n\n\n<p>La segona jornada del congr\u00e9s ha comptat amb dos taules redones. En la primera, \u201910 anys fent mem\u00f2ria\u2019 han participat Jorge Rodr\u00edguez, expresident de la Diputaci\u00f3 que va impulsar la creaci\u00f3 de la delegaci\u00f3 espec\u00edfica de mem\u00f2ria; Rosa P\u00e9rez Garijo, primera diputada provincial responsable de Mem\u00f2ria; i la fiscal Susana Gisbert, especialista en viol\u00e8ncia de g\u00e8nere, delictes d&#8217;odi i mem\u00f2ria democr\u00e0tica.<\/p>\n\n\n\n<p>Rodr\u00edguez ha assegurat sentir-se \u201corgull\u00f3s\u201d que baix la seua presid\u00e8ncia es creara la delegaci\u00f3 de Mem\u00f2ria: \u201cla Diputaci\u00f3 va ser una de les primeres institucions a posar en marxa esta delegaci\u00f3\u201d. Per a Rodr\u00edguez, la valoraci\u00f3 d&#8217;estos anys \u00e9s \u201cmolt positiva, encara que queda molt per fer\u201d.&nbsp;<\/p>\n\n\n\n<p>Per part seua, P\u00e9rez&nbsp; Garijo, ha qualificat este congr\u00e9s com a \u201cimprescindible\u201d ja que, argumenta, \u201cla gent ha de saber el que ha ocorregut al nostre pa\u00eds per a no repetir els mateixos errors, les institucions tenen eixa obligaci\u00f3\u201d. Igualment, Gisbert considera esta iniciativa de la Diputaci\u00f3 \u201cmolt important perqu\u00e8 posa sobre la taula totes les tasques que ens queden per fer en mat\u00e8ria de mem\u00f2ria, tamb\u00e9 des del punt de vista de la Fiscalia\u201d.<\/p>\n\n\n\n<p>En la mateixa l\u00ednia, Rodr\u00edguez ha assenyalat l&#8217;educaci\u00f3 com a element clau per a mantindre la mem\u00f2ria democr\u00e0tica, una ferramenta en la qual, considera, \u201cs&#8217;ha fallat al no aprofitar-la\u201d com es deuria. En la mateixa l\u00ednia, s&#8217;ha pronunciat P\u00e9rez Garijo, qui ha advertit que \u201cdefendre la dictadura significa estar en contra dels drets humans\u201d. Per a Gisbert, \u201cs&#8217;ha baixat la gu\u00e0rdia i ens hem trobat amb qu\u00e8 no est\u00e0 tot fet: quan no s&#8217;avan\u00e7a en democr\u00e0cia, s&#8217;est\u00e0 retrocedint\u201d.<\/p>\n\n\n\n<p>En la segona taula, \u2018Les diputacions provincials com a exemple de bones pr\u00e0ctiques de Mem\u00f2ria Democr\u00e0tica\u2019, han participat el vicepresident segon de la Diputaci\u00f3 de Cadis, Francisco Javier Vidal i la vicepresidenta primera de la Diputaci\u00f3 de Val\u00e8ncia. Vidal ha indicat que este congr\u00e9s \u201c\u00e9s important per a visibilitzar les accions que duen a terme les diputacions en mat\u00e8ria de mem\u00f2ria\u201d. Tamb\u00e9 ha assenyalat com a major preocupaci\u00f3 la consci\u00e8ncia de l&#8217;ocorregut entre la gent jove i ha recalcat que la Diputaci\u00f3 de Cadis porta treballant per a recuperar la mem\u00f2ria des de 2007.<\/p>\n","protected":false},"excerpt":{"rendered":"<p>La vicepresidenta primera de la Diputaci\u00f3 de Val\u00e8ncia, Nat\u00e0lia Enguix, ha clausurat el congr\u00e9s internacional \u2018Mem\u00f2ria i Democr\u00e0cia\u2019, celebrat este &#8230;<\/p>\n","protected":false},"author":11,"featured_media":27741,"comment_status":"closed","ping_status":"open","sticky":false,"template":"","format":"standard","meta":{"_acf_changed":false,"footnotes":""},"categories":[1],"tags":[],"class_list":["post-27743","post","type-post","status-publish","format-standard","has-post-thumbnail","hentry","category-sin-categorizar"],"acf":[],"_links":{"self":[{"href":"https:\/\/memoriahistorica.dival.es\/val\/wp-json\/wp\/v2\/posts\/27743","targetHints":{"allow":["GET"]}}],"collection":[{"href":"https:\/\/memoriahistorica.dival.es\/val\/wp-json\/wp\/v2\/posts"}],"about":[{"href":"https:\/\/memoriahistorica.dival.es\/val\/wp-json\/wp\/v2\/types\/post"}],"author":[{"embeddable":true,"href":"https:\/\/memoriahistorica.dival.es\/val\/wp-json\/wp\/v2\/users\/11"}],"replies":[{"embeddable":true,"href":"https:\/\/memoriahistorica.dival.es\/val\/wp-json\/wp\/v2\/comments?post=27743"}],"version-history":[{"count":1,"href":"https:\/\/memoriahistorica.dival.es\/val\/wp-json\/wp\/v2\/posts\/27743\/revisions"}],"predecessor-version":[{"id":27744,"href":"https:\/\/memoriahistorica.dival.es\/val\/wp-json\/wp\/v2\/posts\/27743\/revisions\/27744"}],"wp:featuredmedia":[{"embeddable":true,"href":"https:\/\/memoriahistorica.dival.es\/val\/wp-json\/wp\/v2\/media\/27741"}],"wp:attachment":[{"href":"https:\/\/memoriahistorica.dival.es\/val\/wp-json\/wp\/v2\/media?parent=27743"}],"wp:term":[{"taxonomy":"category","embeddable":true,"href":"https:\/\/memoriahistorica.dival.es\/val\/wp-json\/wp\/v2\/categories?post=27743"},{"taxonomy":"post_tag","embeddable":true,"href":"https:\/\/memoriahistorica.dival.es\/val\/wp-json\/wp\/v2\/tags?post=27743"}],"curies":[{"name":"wp","href":"https:\/\/api.w.org\/{rel}","templated":true}]}}