{"id":27749,"date":"2025-11-20T09:49:02","date_gmt":"2025-11-20T08:49:02","guid":{"rendered":"https:\/\/memoriahistorica.dival.es\/?p=27749"},"modified":"2026-01-29T15:34:36","modified_gmt":"2026-01-29T14:34:36","slug":"la-memoria-a-lescola-de-la-diputacio-premia-el-projecte-de-miguel-catala-sobre-la-seua-avia-en-una-edicio-dedicada-a-les-dones","status":"publish","type":"post","link":"https:\/\/memoriahistorica.dival.es\/val\/sin-categorizar\/la-memoria-a-lescola-de-la-diputacio-premia-el-projecte-de-miguel-catala-sobre-la-seua-avia-en-una-edicio-dedicada-a-les-dones\/","title":{"rendered":"La Mem\u00f2ria a l\u2019Escola de la Diputaci\u00f3 premia el projecte de Miguel Catal\u00e0 sobre la seua \u00e0via en una edici\u00f3 dedicada a les dones"},"content":{"rendered":"\n<p>\u00abEscoltar la meua \u00e0via m&#8217;ha perm\u00e9s entendre que recordar no \u00e9s viure en el passat, sin\u00f3 dignificar-lo. Moltes hist\u00f2ries desapareixen perqu\u00e8 ning\u00fa es det\u00e9 a escoltar-les\u00bb. Amb estes paraules, l&#8217;alumne de l&#8217;IES Joan Fuster de Bellreguard, Miguel Catal\u00e0 Morant, va agrair el primer premi de la sisena edici\u00f3 de Mem\u00f2ria a l\u2019Escola, un reconeixement concedit pel seu projecte&nbsp;<em>\u00c0ngela Morant Femen\u00eda: mem\u00f2ries latents en veu de dona<\/em>, centrat en la recuperaci\u00f3 del testimoniatge de la seua \u00e0via.&nbsp;<\/p>\n\n\n\n<p>L&#8217;acte de lliurament, celebrat en el Centre Cultural La Benefic\u00e8ncia, va comptar amb la pres\u00e8ncia de la vicepresidenta primera i diputada de Mem\u00f2ria Democr\u00e0tica, Nat\u00e0lia Enguix, que va estar acompanyada pel diputat de Cultura, Paco Teruel; la diputada d&#8217;Hisenda, Laura S\u00e1ez; el coordinador general de l&#8217;FVMP, To\u00f1o Carratal\u00e1, aix\u00ed com per l&#8217;alcalde d\u2019Alaqu\u00e0s, Toni Saura, i la regidora de Bellreguard, Cristina Mateu, en una jornada que va reunir tamb\u00e9 l&#8217;alumnat, el professorat, les fam\u00edlies i representants p\u00fablics. L&#8217;emotivitat va marcar cada intervenci\u00f3, cada paraula i cada gest, que van contribuir a subratllar la import\u00e0ncia de preservar la mem\u00f2ria democr\u00e0tica des de les aules.&nbsp;<\/p>\n\n\n\n<p>La jornada, presentada per la periodista Maria Palau, va comptar amb la interpretaci\u00f3 musical de la cantant valenciana Ana Zome\u00f1o, que va acompanyar diferents moments de l&#8217;acte amb can\u00e7ons pr\u00f2pies com&nbsp;<em>A las m\u00edas<\/em>&nbsp;o les versions de&nbsp;<em>Las olvidadas<\/em>, de Pedro Pastor, o&nbsp;<em>Al meu pa\u00eds la pluja<\/em>, de Raimon. En este context, Enguix va subratllar la consolidaci\u00f3 d&#8217;un projecte que t\u00e9 un alt valor pedag\u00f2gic i social perqu\u00e8 \u00absense mem\u00f2ria no hi ha democr\u00e0cia, i hui hem vist com les noves generacions saben cuidar-la\u00bb.<\/p>\n\n\n\n<p>Durant la seua intervenci\u00f3, la vicepresidenta va voler detindre&#8217;s en el lema de l&#8217;edici\u00f3, dedicada a les dones com a primeres guardianes de la mem\u00f2ria democr\u00e0tica, i va assenyalar que esta proposta \u00abunix dues esferes essencials per a la democr\u00e0cia: la mem\u00f2ria i les dones\u00bb. Tamb\u00e9 va recordar que, al llarg de la hist\u00f2ria, \u00abla mem\u00f2ria ha sigut un territori profundament femen\u00ed, un espai de resist\u00e8ncia on elles van mantindre encesa la flama del respecte i la dignitat\u00bb. Enguix va destacar que moltes dones \u00abvan sostindre el record fins i tot quan se&#8217;ls va arrabassar tot; quan es va intentar reprimir, fins i tot, el seu dolor\u00bb, i va afirmar que esta edici\u00f3 i els treballs de l&#8217;alumnat homenatgen precisament \u00abaquelles que, en silenci p\u00fablic per\u00f2 amb un crit privat, van guardar el que no es podia perdre\u00bb.<\/p>\n\n\n\n<p>En este sentit, Enguix va agrair, aix\u00ed mateix, la implicaci\u00f3 dels centres educatius i del professorat, perqu\u00e8 \u00abfer mem\u00f2ria democr\u00e0tica \u00e9s sin\u00f2nim de ciutadania implicada en el futur del nostre model de conviv\u00e8ncia i en la defensa dels drets fonamentals\u00bb. Va destacar la import\u00e0ncia de formar les noves generacions en valors democr\u00e0tics i va recordar que \u00abesta edici\u00f3 demostra que els joves saben mirar el passat amb rigor, sensibilitat i comprom\u00eds\u00bb.<\/p>\n\n\n\n<p>Durant la cerim\u00f2nia, tamb\u00e9 hi va intervindre Tina Guillem, filla de Carmen Cuesta \u2014una de les Tretze Roses\u2014, que va recordar que \u00abl&#8217;educaci\u00f3 en mem\u00f2ria democr\u00e0tica t\u00e9 tot a veure amb el futur que volem construir, i no \u00e9s possible construir este futur suprimint o tergiversant aquelles parts de la hist\u00f2ria que resulten inc\u00f2modes\u00bb.<\/p>\n\n\n\n<p>L\u2019entrega dels guardons, que ha reconegut set projectes i ha repartit 12.000 euros en premis entre l&#8217;alumnat i els tutors, va comptar amb l&#8217;acompanyament musical d&#8217;Ana Zome\u00f1o, que va interpretar&nbsp;<em>Las olvidadas<\/em>&nbsp;de Pedro Pastor, una pe\u00e7a la lletra de la qual \u2014\u00ablas silenciadas, las que del miedo quedaron mudas, las que parieron y les privaron de la semilla, las invisibles; hoy las nombramos pa\u2019 que su llama nunca se extinga\u00bb\u2014 va refor\u00e7ar el sentit de reconeixement i homenatge que caracteritza estos premis.<\/p>\n\n\n\n<p>Juntament amb el primer premi de Miguel Catal\u00e0 Morant, el jurat va atorgar dos segons premis: un a Banina Mouloud Lehbiby i Sof\u00eda Monle\u00f3n Vicente, de l&#8217;IES Francesc Ferrer i Gu\u00e0rdia de Val\u00e8ncia, per l&#8217;obra de creaci\u00f3&nbsp;<em>El pes del silenci<\/em>, i un altre a Emma Cervera Subir\u00e0 i Adriana Pic\u00f3 Mu\u00f1oz, del col\u00b7legi Pureza de Mar\u00eda Cid de Val\u00e8ncia, pel projecte audiovisual&nbsp;<em>Les dones: guardianes de l&#8217;oblidat<\/em>. Van completar el palmar\u00e9s els tercers premis, concedits a Claudia Pires State, de l&#8217;IES Clara Campoamor d&#8217;Alaqu\u00e0s, per&nbsp;<em>Filles del silenci, mares de la mem\u00f2ria<\/em>; a Ellia Clancy-Navarro i Kilian Clancy-Navarro, de l&#8217;IES Joan Fuster de Sueca, per&nbsp;<em>Les guardianes de la mem\u00f2ria hist\u00f2rica,<\/em>&nbsp;i a Gael Nafre Moyano i Lluc Monchol\u00ed Jorge, de La Nostra Escola Comarcal de Picassent, pels treballs&nbsp;<em>Dones, el cam\u00ed de la mem\u00f2ria&nbsp;<\/em>i&nbsp;<em>Veus de fil<\/em>, respectivament.<\/p>\n\n\n\n<p><strong>Projectes guanyadors<\/strong><\/p>\n\n\n\n<p>Al detall, els treballs premiats en esta sisena edici\u00f3 han abordat la mem\u00f2ria democr\u00e0tica des de perspectives diverses, per\u00f2 amb un denominador com\u00fa: la reivindicaci\u00f3 del paper fonamental de les dones en la transmissi\u00f3 de la mem\u00f2ria col\u00b7lectiva.<\/p>\n\n\n\n<p>El projecte de Miguel Catal\u00e0 Morant, centrat en el testimoniatge de la seua \u00e0via, \u00c0ngela Morant Femen\u00eda, combina entrevistes, documents familiars i fragments de veu que permeten reconstruir l&#8217;experi\u00e8ncia d&#8217;una dona de l&#8217;\u00e0mbit rural en els anys de la dictadura i la transici\u00f3. L&#8217;obra enlla\u00e7a la mem\u00f2ria \u00edntima amb la mem\u00f2ria hist\u00f2rica, i convertix una hist\u00f2ria familiar en un relat col\u00b7lectiu.<\/p>\n\n\n\n<p>Este paper femen\u00ed apareix tamb\u00e9 en l&#8217;obra teatral presentada per Banina Mouloud Lehbib i Sof\u00eda Monle\u00f3n Vicente, que tra\u00e7a un recorregut per l&#8217;evoluci\u00f3 dels drets de les dones des de la Segona Rep\u00fablica fins a l&#8217;actualitat, i en el documental d&#8217;Emma Cervera Subir\u00e0 i Adriana Pic\u00f3 Mu\u00f1oz, que situa la llar com un espai de resist\u00e8ncia, de transmissi\u00f3 ling\u00fc\u00edstica i de defensa de l&#8217;educaci\u00f3 igualit\u00e0ria durant la repressi\u00f3 franquista.<\/p>\n\n\n\n<p>Altres projectes, com el de Claudia Pires State, articulen la mem\u00f2ria de dues generacions que van viure sota dictadures diferents \u2014la de Franco i la de Ceau\u0219escu\u2014, i mostren com la mem\u00f2ria femenina sost\u00e9 la hist\u00f2ria familiar i aporta claus per a comprendre els grans processos hist\u00f2rics. La investigaci\u00f3 d&#8217;Ellia i Kilian Clancy-Navarro partix d&#8217;entrevistes a dones del seu entorn m\u00e9s pr\u00f2xim i s&#8217;expandix cap a figures nacionals i internacionals vinculades a la defensa dels drets humans, de manera que reafirma la import\u00e0ncia de preservar la veritat davant de l&#8217;oblit.<\/p>\n\n\n\n<p>La mem\u00f2ria infantil vinculada a l&#8217;experi\u00e8ncia femenina apareix en l&#8217;audiovisual de Gael Nafre Moyano, constru\u00eft a partir del testimoniatge de la seua bes\u00e0via, Gloria Reiz Maci\u00e0, i acompanyat de fotografies i materials d&#8217;arxiu que ajuden a reconstruir la seua inf\u00e0ncia durant la Guerra Civil. Per la seua banda, l&#8217;obra art\u00edstica de Lluc Monchol\u00ed Jorge, un acr\u00edlic amb t\u00e8xtils que recrea l&#8217;interior d&#8217;una llar durant la dictadura, convertix elements quotidians \u2014com les cortines de punt de ganxo\u2014 en s\u00edmbols visuals de silenci, resist\u00e8ncia i mem\u00f2ria transmesa.<\/p>\n\n\n\n<p>Cal recordar que, en esta edici\u00f3, es va obrir la convocat\u00f2ria a la participaci\u00f3 de l&#8217;alumnat d&#8217;FP B\u00e0sica, que s&#8217;unia a la resta d&#8217;alumnes de 4t de l&#8217;ESO i 1r i 2n de Batxillerat. S&#8217;han rebut un total de 25 projectes elaborats per alumnes de centres educatius de municipis de la prov\u00edncia, com Val\u00e8ncia, Alaqu\u00e0s, Ontinyent, Bu\u00f1ol, Picassent, Catarroja, Sueca, Bellreguard o Burjassot, i de localitats de la resta de la Comunitat Valenciana, com Alcoi, Novelda, Ondara, Monforte del Cid i la Vall d&#8217;Uix\u00f3.&nbsp;<\/p>\n\n\n\n<p><strong>Setena edici\u00f3<\/strong><\/p>\n\n\n\n<p>Durant la cerim\u00f2nia, la vicepresidenta Natalia Enguix va anunciar que durant les pr\u00f2ximes setmanes s&#8217;obrir\u00e0 la convocat\u00f2ria de la setena edici\u00f3 de Mem\u00f2ria a l\u2019Escola, que estar\u00e0 dedicada a \u00ables fonts de la mem\u00f2ria\u00bb. Esta nova proposta convida l&#8217;alumnat a treballar directament amb materials documentals, arxius i recursos disponibles en la Diputaci\u00f3 de Val\u00e8ncia i altres institucions, amb l&#8217;objectiu de refor\u00e7ar la investigaci\u00f3, l&#8217;an\u00e0lisi cr\u00edtica i el coneixement directe de les fonts hist\u00f2riques per a \u00abconnectar les noves generacions amb els materials que custodien la nostra mem\u00f2ria democr\u00e0tica. \u00c9s essencial per a comprendre-la amb rigor i consolidar una ciutadania informada\u00bb, va destacar Enguix.<\/p>\n\n\n\n<p>Aix\u00ed mateix, la vicepresidenta va recordar que la Diputaci\u00f3 \u00e9s \u00abl&#8217;\u00fanica instituci\u00f3 p\u00fablica en tot el territori valenci\u00e0 que desenvolupa un programa integral de mem\u00f2ria democr\u00e0tica, amb eines com noves l\u00ednies d&#8217;investigaci\u00f3, materials did\u00e0ctics i suport a familiars que continuen buscant els seus desapareguts per a donar-los un soterrament digne\u00bb, va concloure.<\/p>\n","protected":false},"excerpt":{"rendered":"<p>\u00abEscoltar la meua \u00e0via m&#8217;ha perm\u00e9s entendre que recordar no \u00e9s viure en el passat, sin\u00f3 dignificar-lo. Moltes hist\u00f2ries desapareixen &#8230;<\/p>\n","protected":false},"author":11,"featured_media":27747,"comment_status":"closed","ping_status":"open","sticky":false,"template":"","format":"standard","meta":{"_acf_changed":false,"footnotes":""},"categories":[1],"tags":[],"class_list":["post-27749","post","type-post","status-publish","format-standard","has-post-thumbnail","hentry","category-sin-categorizar"],"acf":[],"_links":{"self":[{"href":"https:\/\/memoriahistorica.dival.es\/val\/wp-json\/wp\/v2\/posts\/27749","targetHints":{"allow":["GET"]}}],"collection":[{"href":"https:\/\/memoriahistorica.dival.es\/val\/wp-json\/wp\/v2\/posts"}],"about":[{"href":"https:\/\/memoriahistorica.dival.es\/val\/wp-json\/wp\/v2\/types\/post"}],"author":[{"embeddable":true,"href":"https:\/\/memoriahistorica.dival.es\/val\/wp-json\/wp\/v2\/users\/11"}],"replies":[{"embeddable":true,"href":"https:\/\/memoriahistorica.dival.es\/val\/wp-json\/wp\/v2\/comments?post=27749"}],"version-history":[{"count":1,"href":"https:\/\/memoriahistorica.dival.es\/val\/wp-json\/wp\/v2\/posts\/27749\/revisions"}],"predecessor-version":[{"id":27750,"href":"https:\/\/memoriahistorica.dival.es\/val\/wp-json\/wp\/v2\/posts\/27749\/revisions\/27750"}],"wp:featuredmedia":[{"embeddable":true,"href":"https:\/\/memoriahistorica.dival.es\/val\/wp-json\/wp\/v2\/media\/27747"}],"wp:attachment":[{"href":"https:\/\/memoriahistorica.dival.es\/val\/wp-json\/wp\/v2\/media?parent=27749"}],"wp:term":[{"taxonomy":"category","embeddable":true,"href":"https:\/\/memoriahistorica.dival.es\/val\/wp-json\/wp\/v2\/categories?post=27749"},{"taxonomy":"post_tag","embeddable":true,"href":"https:\/\/memoriahistorica.dival.es\/val\/wp-json\/wp\/v2\/tags?post=27749"}],"curies":[{"name":"wp","href":"https:\/\/api.w.org\/{rel}","templated":true}]}}