{"id":27758,"date":"2026-01-08T10:08:13","date_gmt":"2026-01-08T09:08:13","guid":{"rendered":"https:\/\/memoriahistorica.dival.es\/?p=27758"},"modified":"2026-01-29T15:33:51","modified_gmt":"2026-01-29T14:33:51","slug":"la-diputacio-de-valencia-incrementa-en-250-000-euros-les-ajudes-de-memoria-democratica-fins-a-aconseguir-el-milio-deuros-en-2026","status":"publish","type":"post","link":"https:\/\/memoriahistorica.dival.es\/val\/sin-categorizar\/la-diputacio-de-valencia-incrementa-en-250-000-euros-les-ajudes-de-memoria-democratica-fins-a-aconseguir-el-milio-deuros-en-2026\/","title":{"rendered":"La Diputaci\u00f3 de Val\u00e8ncia incrementa en 250.000 euros les ajudes de Mem\u00f2ria Democr\u00e0tica fins a aconseguir el mili\u00f3 d&#8217;euros en 2026"},"content":{"rendered":"\n<p>La Diputaci\u00f3 de Val\u00e8ncia ha obert les convocat\u00f2ries d&#8217;ajudes en mat\u00e8ria de Mem\u00f2ria Democr\u00e0tica per a l&#8217;any 2026 amb un increment de 250.000 euros respecte a la convocat\u00f2ria de l&#8217;any anterior. Com a principal novetat, i a petici\u00f3 de diversos ajuntaments, les ajudes incorporen per primera vegada el finan\u00e7ament de projectes i actuacions de difusi\u00f3 i formaci\u00f3 en mem\u00f2ria hist\u00f2rica i democr\u00e0tica valenciana.<\/p>\n\n\n\n<p>Les convocat\u00f2ries, dirigides tant als ajuntaments de la prov\u00edncia com a les associacions i entitats memorialistes, permeten que l&#8217;exercici 2026 arrancada amb els terminis de sol\u00b7licitud ja en marxa, facilitant la planificaci\u00f3 i execuci\u00f3 dels projectes per part de les entitats benefici\u00e0ries. Esta decisi\u00f3 ha sigut impulsada per la vicepresidenta primera de la Diputaci\u00f3 i responsable de l&#8217;\u00e0rea, Nat\u00e0lia Enguix. En este sentit, ha assenyalat que \u201cobrir les convocat\u00f2ries abans de finalitzar l&#8217;any respon a una manera de treballar planificada i \u00fatil, pensada per a facilitar el treball d&#8217;ajuntaments i entitats memorialistes\u201d. Segons la vicepresidenta, \u201cen un moment en el qual m\u00e9s que mai \u00e9s necessari refor\u00e7ar els valors democr\u00e0tics, les institucions tenim la responsabilitat de secundar i impulsar les pol\u00edtiques de mem\u00f2ria democr\u00e0tica i d&#8217;acompanyar a ajuntaments i entitats en este treball\u201d.<\/p>\n\n\n\n<p>En termes pressupostaris, la Diputaci\u00f3 de Val\u00e8ncia ha consignat una dotaci\u00f3 inicial de 825.000 euros, amb c\u00e0rrec al pressupost de 2026, que podr\u00e0 ampliar-se fins a un m\u00e0xim d&#8217;1.075.000 euros. Les ajudes s&#8217;estructuren en dos l\u00ednies: una dirigida als ajuntaments, amb un pressupost inicial de 675.000 euros, ampliable en fins a 200.000 euros; i una altra destinada a associacions i entitats memorialistes, dotada amb 150.000 euros, ampliable en fins a 50.000 euros.<\/p>\n\n\n\n<p>D\u2019una banda, la convocat\u00f2ria destinada als ajuntaments contempla subvencionar projectes vinculats a la recuperaci\u00f3, difusi\u00f3 i promoci\u00f3 de la mem\u00f2ria democr\u00e0tica, com la construcci\u00f3 d&#8217;obres funer\u00e0ries per a la inhumaci\u00f3 de restes pr\u00e8viament exhumades de fosses comunes; la instal\u00b7laci\u00f3 d&#8217;elements testimonials o explicatius en edificis, llocs i espais vinculats a la mem\u00f2ria hist\u00f2rica; i el condicionament i restauraci\u00f3 d&#8217;espais relacionats amb la guerra o la repressi\u00f3 posterior. Com a novetat, la convocat\u00f2ria incorpora tamb\u00e9 la realitzaci\u00f3 de projectes i actuacions que promoguen la difusi\u00f3 i la formaci\u00f3 en mat\u00e8ria de mem\u00f2ria hist\u00f2rica i democr\u00e0tica valenciana, ateses les peticions traslladades per diferents ajuntaments. En este \u00e0mbit es podran incloure, entre altres, l&#8217;organitzaci\u00f3 de congressos, simposis, jornades, seminaris i exposicions temporals, aix\u00ed com l&#8217;elaboraci\u00f3 de productes audiovisuals, publicacions i projectes educatius i art\u00edstics.<\/p>\n\n\n\n<p>D\u2019altra banda, la convocat\u00f2ria dirigida a associacions i entitats memorialistes finan\u00e7a projectes d&#8217;homenatge i commemoraci\u00f3 de persones i esdeveniments de la mem\u00f2ria hist\u00f2rica i democr\u00e0tica valenciana; iniciatives de difusi\u00f3 i formaci\u00f3 mitjan\u00e7ant jornades, publicacions, productes audiovisuals o projectes educatius i art\u00edstics; aix\u00ed com la recopilaci\u00f3, conservaci\u00f3, estudi i digitalitzaci\u00f3 del patrimoni documental vinculat a la Guerra Civil i la Dictadura.<\/p>\n\n\n\n<p>Les dos convocat\u00f2ries es regixen pel procediment de concurr\u00e8ncia competitiva i s\u00f3n compatibles amb la percepci\u00f3 d&#8217;altres ajudes p\u00fabliques o privades, sempre que l&#8217;import total no supere el cost de l&#8217;activitat subvencionada. En el cas dels ajuntaments, la subvenci\u00f3 podr\u00e0 aconseguir fins al 80% del cost del projecte, mentres que per a les associacions podr\u00e0 arribar al 100%. El termini per a la presentaci\u00f3 de sol\u00b7licituds \u00e9s actualment de 15 dies h\u00e0bils per als ajuntaments i de 20 dies h\u00e0bils per a les associacions, comptats a partir de l&#8217;endem\u00e0 de la publicaci\u00f3 de l&#8217;extracte en el Butllet\u00ed Oficial de la Prov\u00edncia de Val\u00e8ncia, encara que s&#8217;est\u00e0 treballant en una ampliaci\u00f3 del termini. Les sol\u00b7licituds hauran de tramitar-se exclusivament per via telem\u00e0tica a trav\u00e9s de la seu electr\u00f2nica de la Diputaci\u00f3.<\/p>\n\n\n\n<p>A m\u00e9s de les l\u00ednies d&#8217;ajudes, l&#8217;\u00e0rea de Mem\u00f2ria Democr\u00e0tica de la Diputaci\u00f3 de Val\u00e8ncia desenvolupa projectes propis dirigits tant a la joventut com al conjunt de la societat, amb l&#8217;objectiu d&#8217;acostar la hist\u00f2ria recent a nous p\u00fablics i espais culturals i educatius. Entre estes iniciatives, s&#8217;inclouen programes com \u2018Mem\u00f2ria a l\u2019Escola\u2019 i \u2018Mem\u00f2ria als Biblioteques\u2019, al costat d&#8217;exposicions com la dedicada al fotoperiodista Luis Vidal, aix\u00ed com projectes editorials i audiovisuals com el llibre sobre Isidro Escandell i el *\u2019webdoc &nbsp;\u2018Les fosses de la vergonya\u2019, concebuts com a ferramentes de divulgaci\u00f3 i reflexi\u00f3 col\u00b7lectiva.<\/p>\n\n\n\n<p>Segons Nat\u00e0lia Enguix, \u201c\u00e9s fonamental que la mem\u00f2ria democr\u00e0tica arribe a la joventut i al conjunt de la ciutadania a trav\u00e9s de formats accessibles i actuals\u201d, i ha destacat que \u201cla Diputaci\u00f3 de Val\u00e8ncia \u00e9s hui l&#8217;\u00fanica instituci\u00f3 valenciana que mant\u00e9 actives i estructurades pol\u00edtiques p\u00fabliques de mem\u00f2ria democr\u00e0tica, amb programes dirigits a la joventut i al conjunt de la societat, perqu\u00e8 refor\u00e7ar els valors democr\u00e0tics exigix una acci\u00f3 institucional continuada\u201d.<\/p>\n","protected":false},"excerpt":{"rendered":"<p>La Diputaci\u00f3 de Val\u00e8ncia ha obert les convocat\u00f2ries d&#8217;ajudes en mat\u00e8ria de Mem\u00f2ria Democr\u00e0tica per a l&#8217;any 2026 amb un &#8230;<\/p>\n","protected":false},"author":11,"featured_media":27759,"comment_status":"closed","ping_status":"open","sticky":false,"template":"","format":"standard","meta":{"_acf_changed":false,"footnotes":""},"categories":[1],"tags":[],"class_list":["post-27758","post","type-post","status-publish","format-standard","has-post-thumbnail","hentry","category-sin-categorizar"],"acf":[],"_links":{"self":[{"href":"https:\/\/memoriahistorica.dival.es\/val\/wp-json\/wp\/v2\/posts\/27758","targetHints":{"allow":["GET"]}}],"collection":[{"href":"https:\/\/memoriahistorica.dival.es\/val\/wp-json\/wp\/v2\/posts"}],"about":[{"href":"https:\/\/memoriahistorica.dival.es\/val\/wp-json\/wp\/v2\/types\/post"}],"author":[{"embeddable":true,"href":"https:\/\/memoriahistorica.dival.es\/val\/wp-json\/wp\/v2\/users\/11"}],"replies":[{"embeddable":true,"href":"https:\/\/memoriahistorica.dival.es\/val\/wp-json\/wp\/v2\/comments?post=27758"}],"version-history":[{"count":1,"href":"https:\/\/memoriahistorica.dival.es\/val\/wp-json\/wp\/v2\/posts\/27758\/revisions"}],"predecessor-version":[{"id":27761,"href":"https:\/\/memoriahistorica.dival.es\/val\/wp-json\/wp\/v2\/posts\/27758\/revisions\/27761"}],"wp:featuredmedia":[{"embeddable":true,"href":"https:\/\/memoriahistorica.dival.es\/val\/wp-json\/wp\/v2\/media\/27759"}],"wp:attachment":[{"href":"https:\/\/memoriahistorica.dival.es\/val\/wp-json\/wp\/v2\/media?parent=27758"}],"wp:term":[{"taxonomy":"category","embeddable":true,"href":"https:\/\/memoriahistorica.dival.es\/val\/wp-json\/wp\/v2\/categories?post=27758"},{"taxonomy":"post_tag","embeddable":true,"href":"https:\/\/memoriahistorica.dival.es\/val\/wp-json\/wp\/v2\/tags?post=27758"}],"curies":[{"name":"wp","href":"https:\/\/api.w.org\/{rel}","templated":true}]}}