{"id":27768,"date":"2026-01-28T10:20:02","date_gmt":"2026-01-28T09:20:02","guid":{"rendered":"https:\/\/memoriahistorica.dival.es\/?p=27768"},"modified":"2026-01-29T15:33:38","modified_gmt":"2026-01-29T14:33:38","slug":"la-diputacio-acosta-la-memoria-democratica-a-la-joventut-a-traves-del-podcast-mural-memorialistic","status":"publish","type":"post","link":"https:\/\/memoriahistorica.dival.es\/val\/sin-categorizar\/la-diputacio-acosta-la-memoria-democratica-a-la-joventut-a-traves-del-podcast-mural-memorialistic\/","title":{"rendered":"La Diputaci\u00f3 acosta la mem\u00f2ria democr\u00e0tica a la joventut a trav\u00e9s del p\u00f2dcast \u2018Mural memorial\u00edstic\u2019"},"content":{"rendered":"\n<p>\u201cEl p\u00f2dcast \u00e9s un format clau que utilitzen milers de j\u00f3vens hui dia; per tant, \u00e9s una ferramenta fonamental per a acostar la hist\u00f2ria i la mem\u00f2ria a les noves generacions i garantir que no es perda\u201d. Amb estes paraules, la vicepresidenta primera de la Diputaci\u00f3 de Val\u00e8ncia, Nat\u00e0lia Enguix, inaugurava la trobada \u2018Guardians de la Mem\u00f2ria\u2019, organitzat per eldiario.es, en col\u00b7laboraci\u00f3 amb l&#8217;\u00e0rea de Mem\u00f2ria Democr\u00e0tica de la Diputaci\u00f3, en el Museu Valenci\u00e0 de la Il\u00b7lustraci\u00f3 i de la Modernitat (MuVIM).<\/p>\n\n\n\n<p>Davant una sala d&#8217;actes que ha congregat a m\u00e9s d&#8217;un centenar de persones, Enguix ha reivindicat la necessitat d&#8217;utilitzar estos nous llenguatges per a recuperar figures i relats oblidats i construir una societat m\u00e9s conscient i justa. Durant l&#8217;acte, la vicepresidenta ha subratllat que esta aposta per la comunicaci\u00f3 sonora, materialitzada en el p\u00f2dcast \u2018Mural memorial\u00edstic del Pa\u00eds Valenci\u00e0\u2019 \u2014disponible ja en Spotify i iVoox\u2014, \u00e9s una pe\u00e7a m\u00e9s d&#8217;una estrat\u00e8gia global que compta amb un pressupost anual de dos milions d&#8217;euros. En este sentit, Enguix ha afirmat que \u201cesta inversi\u00f3 ens permet consolidar programes educatius com \u2018Mem\u00f2ria a l\u2019Escola\u2019 o \u2018Mem\u00f2ria als Biblioteques\u2019, aix\u00ed com la posada en marxa de la nostra nova plataforma web i projectes culturals com l&#8217;exposici\u00f3 de Luis Vidal Corella, tots ells dissenyats perqu\u00e8 la joventut treballe directament amb les fonts originals de la nostra hist\u00f2ria\u201d.<\/p>\n\n\n\n<p>L\u2019encontre ha servit tamb\u00e9 per a presentar els tres cap\u00edtols d&#8217;esta s\u00e8rie sonora escrita i locutada per les periodistes Laura Mart\u00ednez i Mar\u00eda Palau, sota la direcci\u00f3 t\u00e8cnica de Julio G\u00f3mez Viv\u00f3. Respecte a este projecte, Enguix ha explicat que \u201ceste p\u00f2dcast naix del Congr\u00e9s Internacional impulsat per la Diputaci\u00f3 l&#8217;any passat, un f\u00f2rum que va comptar amb experts com Al\u00e1n Barroso, Anna Krekic o el relator de l&#8217;ONU Bernard Duhaime, i que ha servit de base cient\u00edfica per a crear este producte que analitza el passat, present i futur de les pol\u00edtiques de mem\u00f2ria i l&#8217;empenyiment de les associacions memorialistes\u201d.<\/p>\n\n\n\n<p><strong>Guardianes de la mem\u00f2ria<\/strong><\/p>\n\n\n\n<p>Despr\u00e9s de la presentaci\u00f3, l&#8217;acte ha donat pas a una taula redona on l&#8217;escriptora Ana Campoy, la periodista Elena Tamarit i la presidenta de la Fossa 126 de Paterna, Mar\u00eda Navarro, moderades per Mar\u00eda Palau, han aprofundit en el paper de les dones com a \u2018resistents\u2019 i hereues dels ven\u00e7uts. Durant el debat, s&#8217;ha plantejat la mem\u00f2ria, no com un exercici de nost\u00e0lgia, sin\u00f3 com una &#8220;responsabilitat amb el present&#8221; i una ferramenta de just\u00edcia.<\/p>\n\n\n\n<p>En este context, Nat\u00e0lia Enguix ha def\u00e9s la posici\u00f3 de la corporaci\u00f3 provincial enfront de l&#8217;actual escenari pol\u00edtic en exposar que \u201cla Diputaci\u00f3 de Val\u00e8ncia \u00e9s l&#8217;\u00fanica instituci\u00f3 p\u00fablica valenciana que mant\u00e9 pol\u00edtiques actives de mem\u00f2ria; \u00e9s la nostra responsabilitat assegurar que estes accions de reparaci\u00f3 no es detinguen\u201d. La vicepresidenta ha coincidit amb les ponents que &#8220;obrir les fosses \u00e9s un acte reparador col\u00b7lectiu&#8221; i ha reafirmat la implicaci\u00f3 de continuar fent costat econ\u00f2micament a les associacions que treballen en la localitzaci\u00f3 de v\u00edctimes.<\/p>\n\n\n\n<p>De fet, la diputada ha recordat que el termini per a la sol\u00b7licitud d&#8217;ajudes destinades a ajuntaments i entitats memorialistes continua obert, despr\u00e9s d&#8217;haver incrementat la partida en 250.000 euros fins a aconseguir el mili\u00f3 d&#8217;euros per a 2026. \u201cContinuem refor\u00e7ant el suport econ\u00f2mic per a la localitzaci\u00f3 i exhumaci\u00f3 de v\u00edctimes perqu\u00e8 obrir les fosses \u00e9s un acte reparador col\u00b7lectiu\u201d, ha incidit.<\/p>\n\n\n\n<p>En el transcurs de la taula, Ana Campoy ha destacat el feminisme com a clau per a &#8220;mirar arrere amb una altra perspectiva&#8221;, mentres que Elena Tamarit ha reivindicat la necessitat d&#8217;institucions compromeses per a combatre el &#8220;complex d&#8217;inferioritat&#8221; d&#8217;un pa\u00eds que va viure amb por. Per part seua, Mar\u00eda Navarro ha recordat la import\u00e0ncia de la perseveran\u00e7a per a convertir el dolor en acci\u00f3: \u201cFer mem\u00f2ria \u00e9s comptar i \u00e9s fer just\u00edcia\u201d.<\/p>\n\n\n\n<p>La responsable de Mem\u00f2ria Democr\u00e0tica ha insistit que el conjunt d&#8217;estos recursos \u2014des de l&#8217;\u00e0udio fins als arxivaments i les jornades formatives\u2014 \u201cgarantixen que les noves generacions tinguen capacitat cr\u00edtica per a liderar la reflexi\u00f3 sobre el nostre passat\u201d. Com a mostra d&#8217;esta aposta cultural, Enguix ha recomanat al p\u00fablic visitar en el propi MuVIM l&#8217;exposici\u00f3 sobre el fotoperiodista Luis Vidal Corella, una cr\u00f2nica visual de la postguerra a Val\u00e8ncia que romandr\u00e0 oberta al p\u00fablic fins al pr\u00f2xim 29 de mar\u00e7.<\/p>\n\n\n\n<p>Aix\u00ed mateix, Enguix ha subratllat que \u201coferir a la joventut ferramentes que van des del p\u00f2dcast fins als arxius i les jornades formatives \u00e9s el que garantix que les noves generacions tinguen capacitat cr\u00edtica per a liderar la reflexi\u00f3 sobre el nostre passat i assegurar un futur basat en la dignitat\u201d.<\/p>\n","protected":false},"excerpt":{"rendered":"<p>\u201cEl p\u00f2dcast \u00e9s un format clau que utilitzen milers de j\u00f3vens hui dia; per tant, \u00e9s una ferramenta fonamental per &#8230;<\/p>\n","protected":false},"author":11,"featured_media":27766,"comment_status":"closed","ping_status":"open","sticky":false,"template":"","format":"standard","meta":{"_acf_changed":false,"footnotes":""},"categories":[1],"tags":[],"class_list":["post-27768","post","type-post","status-publish","format-standard","has-post-thumbnail","hentry","category-sin-categorizar"],"acf":[],"_links":{"self":[{"href":"https:\/\/memoriahistorica.dival.es\/val\/wp-json\/wp\/v2\/posts\/27768","targetHints":{"allow":["GET"]}}],"collection":[{"href":"https:\/\/memoriahistorica.dival.es\/val\/wp-json\/wp\/v2\/posts"}],"about":[{"href":"https:\/\/memoriahistorica.dival.es\/val\/wp-json\/wp\/v2\/types\/post"}],"author":[{"embeddable":true,"href":"https:\/\/memoriahistorica.dival.es\/val\/wp-json\/wp\/v2\/users\/11"}],"replies":[{"embeddable":true,"href":"https:\/\/memoriahistorica.dival.es\/val\/wp-json\/wp\/v2\/comments?post=27768"}],"version-history":[{"count":1,"href":"https:\/\/memoriahistorica.dival.es\/val\/wp-json\/wp\/v2\/posts\/27768\/revisions"}],"predecessor-version":[{"id":27769,"href":"https:\/\/memoriahistorica.dival.es\/val\/wp-json\/wp\/v2\/posts\/27768\/revisions\/27769"}],"wp:featuredmedia":[{"embeddable":true,"href":"https:\/\/memoriahistorica.dival.es\/val\/wp-json\/wp\/v2\/media\/27766"}],"wp:attachment":[{"href":"https:\/\/memoriahistorica.dival.es\/val\/wp-json\/wp\/v2\/media?parent=27768"}],"wp:term":[{"taxonomy":"category","embeddable":true,"href":"https:\/\/memoriahistorica.dival.es\/val\/wp-json\/wp\/v2\/categories?post=27768"},{"taxonomy":"post_tag","embeddable":true,"href":"https:\/\/memoriahistorica.dival.es\/val\/wp-json\/wp\/v2\/tags?post=27768"}],"curies":[{"name":"wp","href":"https:\/\/api.w.org\/{rel}","templated":true}]}}