{"id":27792,"date":"2025-05-22T14:38:13","date_gmt":"2025-05-22T12:38:13","guid":{"rendered":"https:\/\/memoriahistorica.dival.es\/?p=27792"},"modified":"2026-01-30T14:38:38","modified_gmt":"2026-01-30T13:38:38","slug":"la-diputacio-financa-la-recuperacio-de-refugis-trinxeres-i-espais-de-la-memoria-en-20-municipis-valencians","status":"publish","type":"post","link":"https:\/\/memoriahistorica.dival.es\/val\/sin-categorizar\/la-diputacio-financa-la-recuperacio-de-refugis-trinxeres-i-espais-de-la-memoria-en-20-municipis-valencians\/","title":{"rendered":"La Diputaci\u00f3 finan\u00e7a la recuperaci\u00f3 de refugis, trinxeres i espais de la Mem\u00f2ria en 20 municipis valencians"},"content":{"rendered":"\n<p>Set refugis antiaeris, sis trinxeres i tres memorials localitzats en municipis valencians seran recuperats enguany com a espais de la Mem\u00f2ria, al costat del Monestir del Puig i el Cap de Cullera. Estos projectes i altres presentats per una vintena d&#8217;ajuntaments podran executar-se amb els 525.000 euros aprovats per la delegaci\u00f3 de Mem\u00f2ria Democr\u00e0tica de la Diputaci\u00f3, coordinada per la vicepresidenta primera, Nat\u00e0lia Enguix. \u201cEsta instituci\u00f3 continuar\u00e0 destinant recursos per a Mem\u00f2ria, que enguany tornen a superar els dos milions d&#8217;euros, i no donar\u00e0 l&#8217;esquena ni als familiars de les v\u00edctimes ni als municipis que ens presenten iniciatives en mat\u00e8ria de mem\u00f2ria hist\u00f2rica\u201d, assegura la mateixa Enguix.<\/p>\n\n\n\n<p>La convocat\u00f2ria per a resoldre les iniciatives presentades pels ajuntaments ha sigut aprovada en la Junta de Govern provincial de maig, amb 500.000 euros que subvencionaran 22 projectes de 20 municipis enguany i altres 25.000 euros que serviran per a completar en 2026 algunes de les accions aprovades. \u201cLes ajudes als ajuntaments servixen per a finan\u00e7ar actuacions com el condicionament d&#8217;edificis i llocs relacionats amb la mem\u00f2ria; instal\u00b7lar monuments o elements explicatius vinculats a eixe per\u00edode entre l&#8217;esclat de la Guerra Civil i el final de la dictadura; i la construcci\u00f3 d&#8217;obres funer\u00e0ries per a inhumar les restes de v\u00edctimes pr\u00e8viament exhumades de fosses comunes\u201d, explica Enguix.<\/p>\n\n\n\n<p>Entre els projectes aprovats, un total de 22 entre una trentena de sol\u00b7licituds, destaca la reparaci\u00f3 del refugi antiaeri n\u00famero 2 de Torrebaja, a l&#8217;entorn del carrer Arboleda i el Cant\u00f3n. La inversi\u00f3 en el municipi del Rinc\u00f3n de Ademuz supera els 120.000 euros. Tamb\u00e9 tindr\u00e0 continu\u00eftat la reparaci\u00f3 i posada en valor de la construcci\u00f3 de defensa antia\u00e8ria del Cap de Cullera, amb una aportaci\u00f3 de 106.000 euros per a la segona fase d&#8217;un projecte en el qual ja va col\u00b7laborar de inici la Diputaci\u00f3.<\/p>\n\n\n\n<p><strong>Actuacions per comarques<\/strong><\/p>\n\n\n\n<p>El recorregut comarcal ens deixa dos actuacions aprovades en el Rinc\u00f3n de Ademuz (151.000 euros), que s\u00f3n la ja esmentada recuperaci\u00f3 del refugi de Torrebaja i la rehabilitaci\u00f3 de l&#8217;antic refugi de la Guerra Civil a Casas Bajas. La Ribera Baixa presenta altres dos sol\u00b7licituds aprovades amb un import total de 118.000 euros, la del Cap de Cullera i la restauraci\u00f3 del monument a la mem\u00f2ria de Joan Andr\u00e9s i C\u00f3rdoba i les v\u00edctimes dels camps d&#8217;extermini nazis a Sollana.<\/p>\n\n\n\n<p>A la Safor un \u00fanic municipi, Rafelcofer, executar\u00e0 tres actuacions: la dotaci\u00f3 d&#8217;accessos i la rehabilitaci\u00f3 del refugi antiaeri (51.000 euros); el projecte de comunicaci\u00f3 i difusi\u00f3 del citat refugi i la senyalitzaci\u00f3 d&#8217;infraestructures i edificis vinculats a la Mem\u00f2ria (24.000 euros); i la construcci\u00f3 del memorial Despulles en record de 17 represaliats del municipi (8.000 euros).<\/p>\n\n\n\n<p>A m\u00e9s, al Camp de Morvedre (43.000 euros) s&#8217;ha aprovat l&#8217;adequaci\u00f3 i neteja d&#8217;accessos a les trinxeres de la Guerra Civil de Beselga i Puntal de Pedro a Estivella; la posada en valor de les trinxeres de la Pau a Gilet; el monument d&#8217;homenatge als exiliats del conflicte armat a Quart de les Valls; i cartells informatius dels refugis de Quartell. I al Camp de T\u00faria (35.000 euros) s&#8217;executaran projectes com la recuperaci\u00f3 de les trinxeres de la Ferraura i el Clau a Vilamarxant; el condicionament del refugi de Sant Vicent de Ll\u00edria; la segona fase de restauraci\u00f3 del refugi de la Cisterna de la Pobla de Vallbona; i la senyalitzaci\u00f3 dels llocs de la Mem\u00f2ria a G\u00e0tova.<\/p>\n\n\n\n<p>La llista de projectes subvencionats per la Diputaci\u00f3 es completa en la Serran\u00eda (50.000 euros) amb la recuperaci\u00f3 de les trinxeres de la Serra d&#8217;Alcotas a Chelva, les de las Hontanicas a Andilla i les de la Montalbana en Titaguas. A l&#8217;Horta Nord (40.000 euros) amb la millora dels refugis dels carrers X\u00e0tiva i Major de Montcada; la localitzaci\u00f3 i acc\u00e9s al refugi antiaeri d&#8217;Emperador; i el \u2018Jard\u00ed de la Mem\u00f2ria\u2019 del Monestir del Puig com a espai vinculat a este per\u00edode hist\u00f2ric. I a la Ribera Alta (4.500 euros) amb la segona fase del projecte divulgatiu de la recuperaci\u00f3 de la mem\u00f2ria en Llombai.<\/p>\n\n\n\n<p><strong>M\u00e9s recursos i execuci\u00f3<\/strong><\/p>\n\n\n\n<p>La responsable de Mem\u00f2ria Democr\u00e0tica en la Diputaci\u00f3, Nat\u00e0lia Enguix, recorda que estes ajudes per a ajuntaments s\u00f3n nom\u00e9s una de les l\u00ednies que la corporaci\u00f3 mant\u00e9 obertes en mat\u00e8ria de mem\u00f2ria, al costat de les subvencions competitives per a associacions sense \u00e0nim de lucre (150.000 euros); les subvencions directes a exhumacions i identificacions gen\u00e8tiques (m\u00e9s de 300.000 euros) i altres subvencions nominatives i finan\u00e7ament d&#8217;activitats de promoci\u00f3 i foment de la mem\u00f2ria.<\/p>\n\n\n\n<p>\u201cEls recursos s\u00f3n b\u00e0sics en l&#8217;aposta per la Mem\u00f2ria\u201d, assenyala Nat\u00e0lia Enguix, qui considera fonamental \u201cacompanyar als beneficiaris en el proc\u00e9s perqu\u00e8 els projectes s&#8217;acaben executant i no oblidem entre tots uns fets nefastos per a la hist\u00f2ria del pa\u00eds que no han de tornar a repetir-se\u201d. En esta l\u00ednia, \u201chem ampliat el termini d&#8217;execuci\u00f3 dels projectes de l&#8217;any passat, a petici\u00f3 dels ajuntaments, perqu\u00e8 puguen acabar els treballs i no hagen de renunciar a part de les ajudes\u201d.<\/p>\n\n\n\n<p>La vessant divulgativa es refor\u00e7ar\u00e0 de nou enguany, mantenint els premis \u2018La Mem\u00f2ria a l\u2019Escola\u2019 i \u2018Mar\u00eda la Jabalina\u2019, aix\u00ed com \u2018La Mem\u00f2ria a les Biblioteques\u2019, al costat de publicacions pr\u00f2pies, exposicions, digitalitzaci\u00f3 de fons documentals dels municipis i la creaci\u00f3 d&#8217;un centre documental de Mem\u00f2ria Democr\u00e0tica Valenciana. Entre les novetats divulgatives destaca l&#8217;organitzaci\u00f3 del congr\u00e9s internacional Mem\u00f2ria i Democr\u00e0cia, que se celebrar\u00e0 a l&#8217;octubre; i en l&#8217;\u00e0mbit de les exhumacions est\u00e0 prevista la primera intervenci\u00f3 impulsada des de la pr\u00f2pia Diputaci\u00f3, amb ajuda del Ministeri de Pol\u00edtica Territorial i Mem\u00f2ria Democr\u00e0tica. Es tracta de l&#8217;exhumaci\u00f3 d&#8217;una fossa comuna en el cementeri de Ll\u00edria, amb un cost previst de 142.000 euros per a 2025.<\/p>\n","protected":false},"excerpt":{"rendered":"<p>Set refugis antiaeris, sis trinxeres i tres memorials localitzats en municipis valencians seran recuperats enguany com a espais de la &#8230;<\/p>\n","protected":false},"author":11,"featured_media":27790,"comment_status":"closed","ping_status":"open","sticky":false,"template":"","format":"standard","meta":{"_acf_changed":false,"footnotes":""},"categories":[1],"tags":[],"class_list":["post-27792","post","type-post","status-publish","format-standard","has-post-thumbnail","hentry","category-sin-categorizar"],"acf":[],"_links":{"self":[{"href":"https:\/\/memoriahistorica.dival.es\/val\/wp-json\/wp\/v2\/posts\/27792","targetHints":{"allow":["GET"]}}],"collection":[{"href":"https:\/\/memoriahistorica.dival.es\/val\/wp-json\/wp\/v2\/posts"}],"about":[{"href":"https:\/\/memoriahistorica.dival.es\/val\/wp-json\/wp\/v2\/types\/post"}],"author":[{"embeddable":true,"href":"https:\/\/memoriahistorica.dival.es\/val\/wp-json\/wp\/v2\/users\/11"}],"replies":[{"embeddable":true,"href":"https:\/\/memoriahistorica.dival.es\/val\/wp-json\/wp\/v2\/comments?post=27792"}],"version-history":[{"count":1,"href":"https:\/\/memoriahistorica.dival.es\/val\/wp-json\/wp\/v2\/posts\/27792\/revisions"}],"predecessor-version":[{"id":27793,"href":"https:\/\/memoriahistorica.dival.es\/val\/wp-json\/wp\/v2\/posts\/27792\/revisions\/27793"}],"wp:featuredmedia":[{"embeddable":true,"href":"https:\/\/memoriahistorica.dival.es\/val\/wp-json\/wp\/v2\/media\/27790"}],"wp:attachment":[{"href":"https:\/\/memoriahistorica.dival.es\/val\/wp-json\/wp\/v2\/media?parent=27792"}],"wp:term":[{"taxonomy":"category","embeddable":true,"href":"https:\/\/memoriahistorica.dival.es\/val\/wp-json\/wp\/v2\/categories?post=27792"},{"taxonomy":"post_tag","embeddable":true,"href":"https:\/\/memoriahistorica.dival.es\/val\/wp-json\/wp\/v2\/tags?post=27792"}],"curies":[{"name":"wp","href":"https:\/\/api.w.org\/{rel}","templated":true}]}}