{"id":27814,"date":"2026-02-05T13:45:16","date_gmt":"2026-02-05T12:45:16","guid":{"rendered":"https:\/\/memoriahistorica.dival.es\/?p=27814"},"modified":"2026-02-05T13:45:29","modified_gmt":"2026-02-05T12:45:29","slug":"la-diputacio-impulsa-un-quadern-didactic-sobre-la-pel%c2%b7licula-la-invasio-dels-barbars-per-a-acostar-la-memoria-a-lalumnat-deso-i-batxillerat","status":"publish","type":"post","link":"https:\/\/memoriahistorica.dival.es\/val\/sin-categorizar\/la-diputacio-impulsa-un-quadern-didactic-sobre-la-pel%c2%b7licula-la-invasio-dels-barbars-per-a-acostar-la-memoria-a-lalumnat-deso-i-batxillerat\/","title":{"rendered":"La Diputaci\u00f3 impulsa un quadern did\u00e0ctic sobre la pel\u00b7l\u00edcula \u2018La invasi\u00f3 dels b\u00e0rbars\u2019 per a acostar la mem\u00f2ria a l&#8217;alumnat d&#8217;ESO i Batxillerat"},"content":{"rendered":"\n<p>Transformar el visionat d&#8217;una pel\u00b7l\u00edcula en una experi\u00e8ncia pedag\u00f2gica per a les aules. Este \u00e9s el prop\u00f2sit de la Diputaci\u00f3 de Val\u00e8nca despr\u00e9s de l\u2019encontre mantingudo entre la vicepresidenta primera i diputada de Mem\u00f2ria Democr\u00e0tica, Nat\u00e0lia Enguix, i els responsables del film &#8216;La invasi\u00f3 dels b\u00e0rbars&#8217;. D&#8217;esta reuni\u00f3 ha nascut una col\u00b7laboraci\u00f3 per la qual la Diputaci\u00f3 impulsar\u00e0 un quadern did\u00e0ctic sobre la pel\u00b7l\u00edcula dirigit espec\u00edficament a l&#8217;alumnat de 4t d&#8217;ESO i Batxillerat de la prov\u00edncia.<\/p>\n\n\n\n<p>En la reuni\u00f3 han participat Jordi Sebasti\u00e0, coordinador editorial del projecte, i Vicent Monson\u00eds, director i productor de la cinta, els qui han coincidit amb la vicepresidenta en la necessitat d&#8217;actualitzar les ferramentes de divulgaci\u00f3 hist\u00f2rica. Al respecte, Nat\u00e0lia Enguix ha recalcat que \u201cel nostre deure \u00e9s facilitar que la hist\u00f2ria arribe a la joventut amb rigor, per\u00f2 tamb\u00e9 amb la capacitat d&#8217;emocionar que nom\u00e9s t\u00e9 el cinema\u201d.<\/p>\n\n\n\n<p>En este sentit, la vicepresidenta ha destacat que per a la delegaci\u00f3 de Mem\u00f2ria Democr\u00e0tica \u201c\u00e9s fonamental tindre este tipus de recursos que donen a con\u00e9ixer la hist\u00f2ria del nostre pa\u00eds i el sofriment que va suposar la Guerra Civil i la dictadura\u201d. Segons Enguix, \u201cdes de la Diputaci\u00f3 de Val\u00e8ncia apostem per noves formes i ferramentes per a acostar la Mem\u00f2ria Democr\u00e0tica a la gent jove, i esta pel\u00b7l\u00edcula, al costat del quadern did\u00e0ctic que impulsarem, s&#8217;emmarca en esta estrat\u00e8gia de treballar la part pedag\u00f2gica\u201d.<\/p>\n\n\n\n<p>Per a la diputada, este projecte \u00e9s clau perqu\u00e8 els j\u00f3vens tinguen una visi\u00f3 cr\u00edtica: \u201cPensem que \u00e9s fonamental que la joventut conega la hist\u00f2ria d&#8217;Espa\u00f1a per a evitar que torne a passar el que patim i perqu\u00e8 la nostra societat es base en els valors democr\u00e0tics, el respecte als drets humans, la llibertat i la igualtat\u201d.<\/p>\n\n\n\n<p>Per part seua, el director de la pel\u00b7l\u00edcula, Vicent Monson\u00eds, ha agra\u00eft la sensibilitat de la Diputaci\u00f3 perqu\u00e8 el llargmetratge puga arribar m\u00e9s lluny a trav\u00e9s d&#8217;este quadern. Monson\u00eds ha destacat &#8220;l\u2019aclaparadora&#8221; resposta que el film est\u00e0 tenint entre l&#8217;estudiantat, assenyalant que &#8220;quan acaba la pel\u00b7l\u00edcula, els alumnes es queden pegats al seient; mostren un inter\u00e9s enorme i participen activament en els debats perqu\u00e8 molts descobrixen per primera vegada com va ser la vida dels seus besavis&#8221;.<\/p>\n\n\n\n<p>El quadern did\u00e0ctic permetr\u00e0 a l&#8217;estudiantat de 4t d&#8217;ESO i Batxillerat aprofundir en una obra que ja se situa entre les deu pel\u00b7l\u00edcules espanyoles m\u00e9s vistes, amb m\u00e9s de 28.000 espectadors. Basada en l&#8217;obra teatral de Chema Carde\u00f1a i adaptada pel propi Monson\u00eds, la cinta transcorre paral\u00b7lelament entre 1939 i 2024 per a contar dos hist\u00f2ries: una de postguerra, protagonitzada per una conservadora del Museu del Prado, i una altra actual, sobre la lluita per l&#8217;obertura d&#8217;una fossa comuna.<\/p>\n\n\n\n<p>A trav\u00e9s del fil conductor de la desaparici\u00f3 del quadre hom\u00f2nim que va pert\u00e0nyer al Museu del Prado, la pel\u00b7l\u00edcula aborda la repressi\u00f3 de les llibertats i l&#8217;apropiaci\u00f3 del patrimoni dels ven\u00e7uts. Malgrat la duresa dels fets \u2014documentats amb rigor hist\u00f2ric\u2014, es tracta d&#8217;una hist\u00f2ria que busca tancar les ferides del passat per a poder conviure en el futur.<\/p>\n\n\n\n<p>Esta acci\u00f3 completa programes com \u2018Mem\u00f2ria a l\u2019Escola\u2019 o \u2018Mem\u00f2ria als Biblioteques\u2019, amb l&#8217;objectiu de donar veu al passat recent i fer-lo accessible. Per a finalitzar, Enguix ha recordat que la delegaci\u00f3 compta amb un pressupost de 2 milions d&#8217;euros destinats no sols a estes iniciatives pedag\u00f2giques, sin\u00f3 tamb\u00e9 a les ajudes fonamentals per a ajuntaments i associacions memorialistes. &#8220;\u00c9s una inversi\u00f3 necess\u00e0ria perqu\u00e8 la mem\u00f2ria democr\u00e0tica siga un eix viu en tota la prov\u00edncia&#8221;, ha concl\u00f2s la vicepresidenta.<\/p>\n","protected":false},"excerpt":{"rendered":"<p>Transformar el visionat d&#8217;una pel\u00b7l\u00edcula en una experi\u00e8ncia pedag\u00f2gica per a les aules. Este \u00e9s el prop\u00f2sit de la Diputaci\u00f3 &#8230;<\/p>\n","protected":false},"author":11,"featured_media":27812,"comment_status":"closed","ping_status":"open","sticky":false,"template":"","format":"standard","meta":{"_acf_changed":false,"footnotes":""},"categories":[1],"tags":[],"class_list":["post-27814","post","type-post","status-publish","format-standard","has-post-thumbnail","hentry","category-sin-categorizar"],"acf":[],"_links":{"self":[{"href":"https:\/\/memoriahistorica.dival.es\/val\/wp-json\/wp\/v2\/posts\/27814","targetHints":{"allow":["GET"]}}],"collection":[{"href":"https:\/\/memoriahistorica.dival.es\/val\/wp-json\/wp\/v2\/posts"}],"about":[{"href":"https:\/\/memoriahistorica.dival.es\/val\/wp-json\/wp\/v2\/types\/post"}],"author":[{"embeddable":true,"href":"https:\/\/memoriahistorica.dival.es\/val\/wp-json\/wp\/v2\/users\/11"}],"replies":[{"embeddable":true,"href":"https:\/\/memoriahistorica.dival.es\/val\/wp-json\/wp\/v2\/comments?post=27814"}],"version-history":[{"count":1,"href":"https:\/\/memoriahistorica.dival.es\/val\/wp-json\/wp\/v2\/posts\/27814\/revisions"}],"predecessor-version":[{"id":27815,"href":"https:\/\/memoriahistorica.dival.es\/val\/wp-json\/wp\/v2\/posts\/27814\/revisions\/27815"}],"wp:featuredmedia":[{"embeddable":true,"href":"https:\/\/memoriahistorica.dival.es\/val\/wp-json\/wp\/v2\/media\/27812"}],"wp:attachment":[{"href":"https:\/\/memoriahistorica.dival.es\/val\/wp-json\/wp\/v2\/media?parent=27814"}],"wp:term":[{"taxonomy":"category","embeddable":true,"href":"https:\/\/memoriahistorica.dival.es\/val\/wp-json\/wp\/v2\/categories?post=27814"},{"taxonomy":"post_tag","embeddable":true,"href":"https:\/\/memoriahistorica.dival.es\/val\/wp-json\/wp\/v2\/tags?post=27814"}],"curies":[{"name":"wp","href":"https:\/\/api.w.org\/{rel}","templated":true}]}}