{"id":27922,"date":"2026-02-18T17:14:29","date_gmt":"2026-02-18T16:14:29","guid":{"rendered":"https:\/\/memoriahistorica.dival.es\/?p=27922"},"modified":"2026-02-18T17:40:56","modified_gmt":"2026-02-18T16:40:56","slug":"la-diputacio-de-valencia-posa-en-marxa-una-campanya-de-localitzacio-excavacio-exhumacio-i-identificacio-de-victimes-de-la-repressio-en-el-cementeri-de-lliria","status":"publish","type":"post","link":"https:\/\/memoriahistorica.dival.es\/val\/sin-categorizar\/la-diputacio-de-valencia-posa-en-marxa-una-campanya-de-localitzacio-excavacio-exhumacio-i-identificacio-de-victimes-de-la-repressio-en-el-cementeri-de-lliria\/","title":{"rendered":"La Diputaci\u00f3 de Val\u00e8ncia posa en marxa una campanya de localitzaci\u00f3, excavaci\u00f3, exhumaci\u00f3 i identificaci\u00f3 de v\u00edctimes de la repressi\u00f3 en el cementeri de Ll\u00edria"},"content":{"rendered":"\n<p>\u201cPer resoluci\u00f3 del Secretari d&#8217;Estat de Mem\u00f2ria Democr\u00e0tica, de data 5 de maig de 2025, el Ministeri de Pol\u00edtica Territorial i Mem\u00f2ria Democr\u00e0tica ha concedit a la Diputaci\u00f3 de Val\u00e8ncia una subvenci\u00f3 per import de 50.000 euros, a l&#8217;empara del RD 1179\/2024, de 28 de novembre, per a la realitzaci\u00f3 d&#8217;actuacions de busca, localitzaci\u00f3, exhumaci\u00f3 i, si \u00e9s el cas, identificaci\u00f3 de persones v\u00edctimes de la Guerra d&#8217;Espanya i la Dictadura.<\/p>\n\n\n\n<p>La Diputaci\u00f3 destinar\u00e0 esta subvenci\u00f3 a la realitzaci\u00f3 d&#8217;una campanya de localitzaci\u00f3, excavaci\u00f3, exhumaci\u00f3 i estudi antropol\u00f2gic de v\u00edctimes del franquisme de les fosses comunes del cementeri municipal de Ll\u00edria. El pressupost base de licitaci\u00f3 d&#8217;esta actuaci\u00f3 \u00e9s de 91.434,21 euros, fent-se c\u00e0rrec la Diputaci\u00f3 de la difer\u00e8ncia que existisca entre la subvenci\u00f3 concedida pel Ministeri i l&#8217;import definitiu d&#8217;adjudicaci\u00f3.\u201d<\/p>\n\n\n\n<p>Esta campanya compta amb el suport de l&#8217;Ajuntament de Ll\u00edria, amb el qual la Delegaci\u00f3 de Mem\u00f2ria Democr\u00e0tica ha treballat conjuntament ja en diverses ocasions.<\/p>\n\n\n\n<figure class=\"wp-block-image size-full is-resized\"><img loading=\"lazy\" decoding=\"async\" width=\"960\" height=\"246\" src=\"https:\/\/memoriahistorica.dival.es\/wp-content\/uploads\/Ministerio_de_Politica_Territorial_y_Memoria_Democratica.png\" alt=\"\" class=\"wp-image-27935\" style=\"width:383px;height:auto\" srcset=\"https:\/\/memoriahistorica.dival.es\/wp-content\/uploads\/Ministerio_de_Politica_Territorial_y_Memoria_Democratica.png 960w, https:\/\/memoriahistorica.dival.es\/wp-content\/uploads\/Ministerio_de_Politica_Territorial_y_Memoria_Democratica-600x154.png 600w, https:\/\/memoriahistorica.dival.es\/wp-content\/uploads\/Ministerio_de_Politica_Territorial_y_Memoria_Democratica-768x197.png 768w\" sizes=\"auto, (max-width: 960px) 100vw, 960px\" \/><\/figure>\n\n\n\n<figure class=\"wp-block-image size-full is-resized\"><img loading=\"lazy\" decoding=\"async\" width=\"655\" height=\"140\" src=\"https:\/\/memoriahistorica.dival.es\/wp-content\/uploads\/Imagen2.jpg\" alt=\"\" class=\"wp-image-27933\" style=\"width:380px;height:auto\" srcset=\"https:\/\/memoriahistorica.dival.es\/wp-content\/uploads\/Imagen2.jpg 655w, https:\/\/memoriahistorica.dival.es\/wp-content\/uploads\/Imagen2-600x128.jpg 600w\" sizes=\"auto, (max-width: 655px) 100vw, 655px\" \/><\/figure>\n\n\n\n<figure class=\"wp-block-image size-large is-resized\"><img loading=\"lazy\" decoding=\"async\" width=\"1800\" height=\"683\" src=\"https:\/\/memoriahistorica.dival.es\/wp-content\/uploads\/logo_lliria_city_of_music_escudo-1800x683.png\" alt=\"\" class=\"wp-image-27925\" style=\"aspect-ratio:2.6355525051475635;width:325px;height:auto\" srcset=\"https:\/\/memoriahistorica.dival.es\/wp-content\/uploads\/logo_lliria_city_of_music_escudo-1800x683.png 1800w, https:\/\/memoriahistorica.dival.es\/wp-content\/uploads\/logo_lliria_city_of_music_escudo-1200x455.png 1200w, https:\/\/memoriahistorica.dival.es\/wp-content\/uploads\/logo_lliria_city_of_music_escudo-600x228.png 600w, https:\/\/memoriahistorica.dival.es\/wp-content\/uploads\/logo_lliria_city_of_music_escudo-768x291.png 768w, https:\/\/memoriahistorica.dival.es\/wp-content\/uploads\/logo_lliria_city_of_music_escudo-1536x583.png 1536w, https:\/\/memoriahistorica.dival.es\/wp-content\/uploads\/logo_lliria_city_of_music_escudo.png 2009w\" sizes=\"auto, (max-width: 1800px) 100vw, 1800px\" \/><\/figure>\n","protected":false},"excerpt":{"rendered":"<p>\u201cPer resoluci\u00f3 del Secretari d&#8217;Estat de Mem\u00f2ria Democr\u00e0tica, de data 5 de maig de 2025, el Ministeri de Pol\u00edtica Territorial &#8230;<\/p>\n","protected":false},"author":11,"featured_media":27917,"comment_status":"closed","ping_status":"open","sticky":false,"template":"","format":"standard","meta":{"_acf_changed":false,"footnotes":""},"categories":[1],"tags":[],"class_list":["post-27922","post","type-post","status-publish","format-standard","has-post-thumbnail","hentry","category-sin-categorizar"],"acf":[],"_links":{"self":[{"href":"https:\/\/memoriahistorica.dival.es\/val\/wp-json\/wp\/v2\/posts\/27922","targetHints":{"allow":["GET"]}}],"collection":[{"href":"https:\/\/memoriahistorica.dival.es\/val\/wp-json\/wp\/v2\/posts"}],"about":[{"href":"https:\/\/memoriahistorica.dival.es\/val\/wp-json\/wp\/v2\/types\/post"}],"author":[{"embeddable":true,"href":"https:\/\/memoriahistorica.dival.es\/val\/wp-json\/wp\/v2\/users\/11"}],"replies":[{"embeddable":true,"href":"https:\/\/memoriahistorica.dival.es\/val\/wp-json\/wp\/v2\/comments?post=27922"}],"version-history":[{"count":2,"href":"https:\/\/memoriahistorica.dival.es\/val\/wp-json\/wp\/v2\/posts\/27922\/revisions"}],"predecessor-version":[{"id":27940,"href":"https:\/\/memoriahistorica.dival.es\/val\/wp-json\/wp\/v2\/posts\/27922\/revisions\/27940"}],"wp:featuredmedia":[{"embeddable":true,"href":"https:\/\/memoriahistorica.dival.es\/val\/wp-json\/wp\/v2\/media\/27917"}],"wp:attachment":[{"href":"https:\/\/memoriahistorica.dival.es\/val\/wp-json\/wp\/v2\/media?parent=27922"}],"wp:term":[{"taxonomy":"category","embeddable":true,"href":"https:\/\/memoriahistorica.dival.es\/val\/wp-json\/wp\/v2\/categories?post=27922"},{"taxonomy":"post_tag","embeddable":true,"href":"https:\/\/memoriahistorica.dival.es\/val\/wp-json\/wp\/v2\/tags?post=27922"}],"curies":[{"name":"wp","href":"https:\/\/api.w.org\/{rel}","templated":true}]}}