{"id":28041,"date":"2026-02-27T12:36:09","date_gmt":"2026-02-27T11:36:09","guid":{"rendered":"https:\/\/memoriahistorica.dival.es\/?p=28041"},"modified":"2026-03-02T12:36:53","modified_gmt":"2026-03-02T11:36:53","slug":"la-musica-de-la-postguerra-reviu-este-dissabte-en-el-muvim-amb-el-concert-imatges-que-sonen","status":"publish","type":"post","link":"https:\/\/memoriahistorica.dival.es\/val\/sin-categorizar\/la-musica-de-la-postguerra-reviu-este-dissabte-en-el-muvim-amb-el-concert-imatges-que-sonen\/","title":{"rendered":"La m\u00fasica de la postguerra reviu este dissabte en el MuVIM amb el concert \u2018Imatges que sonen\u2019"},"content":{"rendered":"\n<p>El MuVIM acollir\u00e0 este dissabte, 28 de febrer, a les 19:00 hores, el concert \u2018Imatges que sonen\u2019, una proposta del Faraig Duo que servir\u00e0 de paisatge sonor a l&#8217;exposici\u00f3 \u2018Luis Vidal Corella. Cr\u00f2nica fotogr\u00e0fica de la postguerra a Val\u00e8ncia\u2019. L&#8217;entrada a l&#8217;esdeveniment ser\u00e0 gratu\u00efta i d&#8217;acc\u00e9s lliure fins a completar l&#8217;aforament, permetent al p\u00fablic gaudir de la m\u00fasica envoltat per les pr\u00f2pies obres del fot\u00f2graf. La iniciativa, impulsada des de la delegaci\u00f3 de Mem\u00f2ria Democr\u00e0tica de la Diputaci\u00f3 de Val\u00e8ncia, proposa un di\u00e0leg art\u00edstic entre les prop de 200 instant\u00e0nies del fotoperiodista i un repertori musical que recorre la hist\u00f2ria emocional de la ciutat des de la Rep\u00fablica fins a la postguerra.<\/p>\n\n\n\n<p>La vicepresidenta primera de la Diputaci\u00f3 i responsable de Mem\u00f2ria Democr\u00e0tica, Nat\u00e0lia Enguix, ha destacat que esta activitat musical complementa una mostra que &#8220;ens permet acostar-nos a l&#8217;obra d&#8217;un dels fot\u00f2grafs m\u00e9s importants de la hist\u00f2ria recent valenciana i mirar, a trav\u00e9s de les seues imatges, una Val\u00e8ncia marcada per la Guerra Civil i la postguerra&#8221;. Enguix ha assenyalat que, igual que les fotografies de Vidal Corella capturen &#8220;un resum visual de com es vivia i de com era el dia a dia de la ciutat&#8221;, este concert busca ampliar la mirada sobre eixe per\u00edode per a &#8220;ajudar-nos a entendre millor la nostra pr\u00f2pia hist\u00f2ria&#8221; a trav\u00e9s de l&#8217;o\u00efda.&nbsp;<\/p>\n\n\n\n<p>Baix la interpretaci\u00f3 de la soprano Quiteria Mu\u00f1oz i el pianista Christian Roca-Romero, el programa s&#8217;estructura en blocs que reflectixen el recorregut expositiu. La sessi\u00f3 s&#8217;iniciar\u00e0 amb \u2018Amor i Galanteig\u2019, incloent-hi peces de Granados, Obradors, Toldr\u00e0 i Rodrigo, per a donar pas a la \u2018Cr\u00f2nica de la Guerra\u2019, on ressonaran composicions de Manuel de Falla i Federico Garc\u00eda Lorca. Esta secci\u00f3 musical acompanyar\u00e0 la part de la mostra que reunix m\u00e9s de 80 fotografies in\u00e8dites rescatades d&#8217;arxius nacionals que documenten la contesa en escenaris com el front de Terol.<\/p>\n\n\n\n<p>La segona part del concert abordar\u00e0 \u2018La Postguerra: Identitat i Reconstrucci\u00f3\u2019, amb obres de Matilde Salvador i Antonin Dvo\u0159\u00e1k, coincidint amb l&#8217;\u00e0mbit m\u00e9s extens de l&#8217;exposici\u00f3, que retrata la Val\u00e8ncia entre 1939 i 1959. En esta etapa, les imatges de la simbologia del r\u00e8gim i els actes multitudinaris conviuen amb escenes de repressi\u00f3 i fam, realitats que el *\u2019Faraig Duo evocar\u00e0 abans de tancar amb un bloc dedicat a la inf\u00e0ncia i un ep\u00edleg sobre el pas del temps. L&#8217;exposici\u00f3, que inclou a m\u00e9s objectes originals com les cambres del mateix Vidal Corella i materials de l&#8217;\u00e8poca, podr\u00e0 visitar-se en el MuVIM fins al pr\u00f2xim 29 de mar\u00e7.<\/p>\n","protected":false},"excerpt":{"rendered":"<p>El MuVIM acollir\u00e0 este dissabte, 28 de febrer, a les 19:00 hores, el concert \u2018Imatges que sonen\u2019, una proposta del &#8230;<\/p>\n","protected":false},"author":11,"featured_media":28045,"comment_status":"closed","ping_status":"open","sticky":false,"template":"","format":"standard","meta":{"_acf_changed":false,"footnotes":""},"categories":[1],"tags":[],"class_list":["post-28041","post","type-post","status-publish","format-standard","has-post-thumbnail","hentry","category-sin-categorizar"],"acf":[],"_links":{"self":[{"href":"https:\/\/memoriahistorica.dival.es\/val\/wp-json\/wp\/v2\/posts\/28041","targetHints":{"allow":["GET"]}}],"collection":[{"href":"https:\/\/memoriahistorica.dival.es\/val\/wp-json\/wp\/v2\/posts"}],"about":[{"href":"https:\/\/memoriahistorica.dival.es\/val\/wp-json\/wp\/v2\/types\/post"}],"author":[{"embeddable":true,"href":"https:\/\/memoriahistorica.dival.es\/val\/wp-json\/wp\/v2\/users\/11"}],"replies":[{"embeddable":true,"href":"https:\/\/memoriahistorica.dival.es\/val\/wp-json\/wp\/v2\/comments?post=28041"}],"version-history":[{"count":1,"href":"https:\/\/memoriahistorica.dival.es\/val\/wp-json\/wp\/v2\/posts\/28041\/revisions"}],"predecessor-version":[{"id":28042,"href":"https:\/\/memoriahistorica.dival.es\/val\/wp-json\/wp\/v2\/posts\/28041\/revisions\/28042"}],"wp:featuredmedia":[{"embeddable":true,"href":"https:\/\/memoriahistorica.dival.es\/val\/wp-json\/wp\/v2\/media\/28045"}],"wp:attachment":[{"href":"https:\/\/memoriahistorica.dival.es\/val\/wp-json\/wp\/v2\/media?parent=28041"}],"wp:term":[{"taxonomy":"category","embeddable":true,"href":"https:\/\/memoriahistorica.dival.es\/val\/wp-json\/wp\/v2\/categories?post=28041"},{"taxonomy":"post_tag","embeddable":true,"href":"https:\/\/memoriahistorica.dival.es\/val\/wp-json\/wp\/v2\/tags?post=28041"}],"curies":[{"name":"wp","href":"https:\/\/api.w.org\/{rel}","templated":true}]}}